{"id":40714,"date":"2025-12-03T12:40:43","date_gmt":"2025-12-03T15:40:43","guid":{"rendered":"https:\/\/lrm67.com\/?p=40714"},"modified":"2025-12-03T12:40:43","modified_gmt":"2025-12-03T15:40:43","slug":"sao-paulo-deve-receber-16-milhoes-de-visitantes-no-verao","status":"publish","type":"post","link":"https:\/\/lrm67.com\/index.php\/2025\/12\/03\/sao-paulo-deve-receber-16-milhoes-de-visitantes-no-verao\/","title":{"rendered":"S\u00e3o Paulo deve receber 16 milh\u00f5es de visitantes no ver\u00e3o"},"content":{"rendered":"<p>Sondagem realizada pelo Centro de Intelig\u00eancia da Economia do Turismo (CIET), vinculado \u00e0 Secretaria de Turismo e Viagens do Estado de S\u00e3o Paulo (Setur-SP), mostra que 16,7 milh\u00f5es de visitantes dever\u00e3o circular pelo Estado durante a temporada de ver\u00e3o. As estimativas consideram os meses de dezembro, janeiro e fevereiro. Segundo o observat\u00f3rio, a movimenta\u00e7\u00e3o financeira direta ser\u00e1 de aproximadamente R$ 41 bilh\u00f5es. A nova esta\u00e7\u00e3o inicia oficialmente em 21 de dezembro, \u00e0s 12h03 (hor\u00e1rio de Bras\u00edlia), e promete altas temperaturas, principalmente entre janeiro e fevereiro.<\/p>\n<p>De acordo com o levantamento, para 86% dos munic\u00edpios a pr\u00f3xima temporada de ver\u00e3o ser\u00e1 melhor que a anterior. Nove em cada dez munic\u00edpios est\u00e3o planejando eventos ou atra\u00e7\u00f5es para os turistas no ver\u00e3o. A expectativa de ocupa\u00e7\u00e3o m\u00e9dia deve ser superior \u00e0 do ano anterior, que foi de 75%. As estimativas n\u00e3o consideram o fluxo do Carnaval.<\/p>\n<p>\u201cS\u00e3o Paulo se prepara para mais uma temporada movimentada para o turismo. Do litoral sul ao norte, da capital ao interior, h\u00e1 muitas op\u00e7\u00f5es de roteiros, regi\u00f5es e atrativos para diversos p\u00fablicos\u201d, ressalta o secret\u00e1rio de Turismo e Viagens do Estado, Roberto de Lucena.<\/p>\n","protected":false},"excerpt":{"rendered":"<p>Sondagem realizada pelo Centro de Intelig\u00eancia da Economia do Turismo (CIET), vinculado \u00e0 Secretaria de Turismo e Viagens do Estado de S\u00e3o Paulo (Setur-SP), mostra que 16,7 milh\u00f5es de visitantes dever\u00e3o circular pelo Estado durante a temporada de ver\u00e3o. As estimativas consideram os meses de dezembro, janeiro e fevereiro. Segundo o observat\u00f3rio, a movimenta\u00e7\u00e3o financeira [&hellip;]<\/p>\n","protected":false},"author":26,"featured_media":40715,"comment_status":"open","ping_status":"open","sticky":false,"template":"","format":"standard","meta":{"footnotes":""},"categories":[60,5],"tags":[],"class_list":["post-40714","post","type-post","status-publish","format-standard","has-post-thumbnail","hentry","category-sao-paulo","category-turismo"],"aioseo_notices":[],"_links":{"self":[{"href":"https:\/\/lrm67.com\/index.php\/wp-json\/wp\/v2\/posts\/40714","targetHints":{"allow":["GET"]}}],"collection":[{"href":"https:\/\/lrm67.com\/index.php\/wp-json\/wp\/v2\/posts"}],"about":[{"href":"https:\/\/lrm67.com\/index.php\/wp-json\/wp\/v2\/types\/post"}],"author":[{"embeddable":true,"href":"https:\/\/lrm67.com\/index.php\/wp-json\/wp\/v2\/users\/26"}],"replies":[{"embeddable":true,"href":"https:\/\/lrm67.com\/index.php\/wp-json\/wp\/v2\/comments?post=40714"}],"version-history":[{"count":1,"href":"https:\/\/lrm67.com\/index.php\/wp-json\/wp\/v2\/posts\/40714\/revisions"}],"predecessor-version":[{"id":40716,"href":"https:\/\/lrm67.com\/index.php\/wp-json\/wp\/v2\/posts\/40714\/revisions\/40716"}],"wp:featuredmedia":[{"embeddable":true,"href":"https:\/\/lrm67.com\/index.php\/wp-json\/wp\/v2\/media\/40715"}],"wp:attachment":[{"href":"https:\/\/lrm67.com\/index.php\/wp-json\/wp\/v2\/media?parent=40714"}],"wp:term":[{"taxonomy":"category","embeddable":true,"href":"https:\/\/lrm67.com\/index.php\/wp-json\/wp\/v2\/categories?post=40714"},{"taxonomy":"post_tag","embeddable":true,"href":"https:\/\/lrm67.com\/index.php\/wp-json\/wp\/v2\/tags?post=40714"}],"curies":[{"name":"wp","href":"https:\/\/api.w.org\/{rel}","templated":true}]}}