{"id":40664,"date":"2025-12-01T18:10:11","date_gmt":"2025-12-01T21:10:11","guid":{"rendered":"https:\/\/lrm67.com\/?p=40664"},"modified":"2025-12-01T18:10:11","modified_gmt":"2025-12-01T21:10:11","slug":"festival-escolar-de-karate-reune-centenas-de-alunos-de-mais-de-20-unidades-de-ensino-em-caraguatatuba","status":"publish","type":"post","link":"https:\/\/lrm67.com\/index.php\/2025\/12\/01\/festival-escolar-de-karate-reune-centenas-de-alunos-de-mais-de-20-unidades-de-ensino-em-caraguatatuba\/","title":{"rendered":"Festival Escolar de Karat\u00ea re\u00fane centenas de alunos de mais de 20 unidades de ensino em Caraguatatuba"},"content":{"rendered":"<p>Caraguatatuba promoveu um grande encontro esportivo no \u00faltimo domingo (30) com a realiza\u00e7\u00e3o do Festival Escolar de Karat\u00ea, evento que reuniu cerca 200 estudantes, com idades entre 3 e 17 anos, das redes municipal, estadual e particular de ensino do munic\u00edpio.<\/p>\n<div id=\"attachment_170903\" class=\"wp-caption alignright\">\n<p id=\"caption-attachment-170903\" class=\"wp-caption-text\">\n<\/div>\n<p>Com disputas organizadas em categorias masculinas e femininas, divididas por faixa et\u00e1ria ano a ano, participaram estudantes das EMEFs Prof.\u00aa Adolfina Leonor Soares dos Santos, Prof. Alaor Xavier Junqueira, Prof.\u00aa A\u00edda de Almeida Castro Grazioli, Benedito In\u00e1cio Soares, Carlos Altero Ortega, Prof.\u00aa Edna Maria Nogueira Ferraz, Prof. Severino Vitoriano dos Santos, Dr. Carlos de Almeida Rodrigues, Prof. Luiz Ribeiro Muniz, M\u00f3dulo Professora Elma de Souza G. da Silva, Euclydes Ferreira, Prof.\u00aa Maria Aparecida Ujio, Prof.\u00aa Stela Maris de Saboya Daltro, Santina Nardi de Souza, Prof.\u00aa Ant\u00f4nia Antunes Arouca, Prof.\u00aa D\u00e9bora Valle da Silva Pilon, Prof. Antonio de Freitas Avelar, Prof.\u00aa Joana Alves dos Santos e Prof. Ricardo Luques Sammarco Serra, al\u00e9m dos CEIs Messias Mendes de Souza e Leonor Mendes de Barros e da EMEI Maria de Lourdes Lucarelli Perez.<\/p>\n<p>O festival tamb\u00e9m contou com a participa\u00e7\u00e3o de alunos convidados de escolas estaduais e particulares de Caraguatatuba e teve apoio do Governo Municipal, por meio da Secretaria de Esportes e Recrea\u00e7\u00e3o e Secretaria de Educa\u00e7\u00e3o.<\/p>\n<p>&nbsp;<\/p>\n<pre>Foto: Lucas Katumata\/PMC<\/pre>\n","protected":false},"excerpt":{"rendered":"<p>Caraguatatuba promoveu um grande encontro esportivo no \u00faltimo domingo (30) com a realiza\u00e7\u00e3o do Festival Escolar de Karat\u00ea, evento que reuniu cerca 200 estudantes, com idades entre 3 e 17 anos, das redes municipal, estadual e particular de ensino do munic\u00edpio. Com disputas organizadas em categorias masculinas e femininas, divididas por faixa et\u00e1ria ano a [&hellip;]<\/p>\n","protected":false},"author":26,"featured_media":40665,"comment_status":"open","ping_status":"open","sticky":false,"template":"","format":"standard","meta":{"footnotes":""},"categories":[8,7,11,2],"tags":[17,252],"class_list":["post-40664","post","type-post","status-publish","format-standard","has-post-thumbnail","hentry","category-caraguatatuba","category-destaque","category-esportes","category-geral","tag-caraguatatuba","tag-esportes"],"aioseo_notices":[],"_links":{"self":[{"href":"https:\/\/lrm67.com\/index.php\/wp-json\/wp\/v2\/posts\/40664","targetHints":{"allow":["GET"]}}],"collection":[{"href":"https:\/\/lrm67.com\/index.php\/wp-json\/wp\/v2\/posts"}],"about":[{"href":"https:\/\/lrm67.com\/index.php\/wp-json\/wp\/v2\/types\/post"}],"author":[{"embeddable":true,"href":"https:\/\/lrm67.com\/index.php\/wp-json\/wp\/v2\/users\/26"}],"replies":[{"embeddable":true,"href":"https:\/\/lrm67.com\/index.php\/wp-json\/wp\/v2\/comments?post=40664"}],"version-history":[{"count":1,"href":"https:\/\/lrm67.com\/index.php\/wp-json\/wp\/v2\/posts\/40664\/revisions"}],"predecessor-version":[{"id":40666,"href":"https:\/\/lrm67.com\/index.php\/wp-json\/wp\/v2\/posts\/40664\/revisions\/40666"}],"wp:featuredmedia":[{"embeddable":true,"href":"https:\/\/lrm67.com\/index.php\/wp-json\/wp\/v2\/media\/40665"}],"wp:attachment":[{"href":"https:\/\/lrm67.com\/index.php\/wp-json\/wp\/v2\/media?parent=40664"}],"wp:term":[{"taxonomy":"category","embeddable":true,"href":"https:\/\/lrm67.com\/index.php\/wp-json\/wp\/v2\/categories?post=40664"},{"taxonomy":"post_tag","embeddable":true,"href":"https:\/\/lrm67.com\/index.php\/wp-json\/wp\/v2\/tags?post=40664"}],"curies":[{"name":"wp","href":"https:\/\/api.w.org\/{rel}","templated":true}]}}