{"id":40619,"date":"2025-11-28T17:39:18","date_gmt":"2025-11-28T20:39:18","guid":{"rendered":"https:\/\/lrm67.com\/?p=40619"},"modified":"2025-11-28T17:39:18","modified_gmt":"2025-11-28T20:39:18","slug":"rmvale-tera-temperaturas-acima-dos-30c-e-baixa-umidade-durante-o-fim-de-semana","status":"publish","type":"post","link":"https:\/\/lrm67.com\/index.php\/2025\/11\/28\/rmvale-tera-temperaturas-acima-dos-30c-e-baixa-umidade-durante-o-fim-de-semana\/","title":{"rendered":"RMVale ter\u00e1 temperaturas acima dos 30\u00b0C e baixa umidade durante o fim de semana"},"content":{"rendered":"<p><strong>Por Danilo Costa<\/strong><\/p>\n<p>&nbsp;<\/p>\n<p>Depois de uma semana de estabilidade, a regi\u00e3o entra em um per\u00edodo de aquecimento mais intenso, favorecido pela mudan\u00e7a gradual dos ventos, que ajudam a elevar as temperaturas.<\/p>\n<p>Durante a manh\u00e3 desta sexta-feira (28), j\u00e1 era poss\u00edvel perceber o in\u00edcio desse aquecimento, com m\u00ednimas mais altas em compara\u00e7\u00e3o aos \u00faltimos dias e maior presen\u00e7a de nuvens no leste paulista, especialmente no Vale, litoral norte e \u00e1reas pr\u00f3ximas ao sul de Minas.<\/p>\n<p>No Vale Hist\u00f3rico, por outro lado, o amanhecer foi de c\u00e9u aberto.<\/p>\n<p>As m\u00e1ximas devem superar os 30\u00b0C em grande parte do Vale do Para\u00edba ainda nesta sexta, enquanto no Litoral Norte os term\u00f4metros devem oscilar entre 27\u00b0C e 28\u00b0C.<\/p>\n<p>Nas \u00e1reas mais altas da Mantiqueira, como Campos do Jord\u00e3o, o frio da madrugada permanece, com m\u00ednimas entre 9\u00b0C e 12\u00b0C.<\/p>\n<p>&nbsp;<\/p>\n<h2>O calor aumenta e a umidade cai no fim de semana<\/h2>\n<p>S\u00e1bado (29) e domingo (30) devem ser de sol predominante e temperaturas elevadas. No Litoral Norte, as m\u00e1ximas podem chegar aos 30\u00b0C, enquanto o Vale do Para\u00edba deve registrar picos entre 32\u00b0C e 34\u00b0C.<\/p>\n<p>A tend\u00eancia \u00e9 de valores ainda mais altos na segunda-feira (1\u00ba), com c\u00e9u aberto e pouca umidade.<\/p>\n<p>A combina\u00e7\u00e3o de calor e tempo seco deve reduzir a umidade relativa do ar para \u00edndices abaixo de 30% em diversas cidades, condi\u00e7\u00e3o que exige cuidados extras com hidrata\u00e7\u00e3o, atividades f\u00edsicas e exposi\u00e7\u00e3o prolongada ao sol.<\/p>\n<p>A tr\u00e9gua nos dias de forte calor deve ocorrer apenas na ter\u00e7a-feira (2), quando a aproxima\u00e7\u00e3o de um cavado atmosf\u00e9rico aumenta a instabilidade e traz de volta as pancadas de chuva para a regi\u00e3o.<\/p>\n<p>&nbsp;<\/p>\n<pre>Foto: Reprodu\u00e7\u00e3o \/ Matheus Soares<\/pre>\n","protected":false},"excerpt":{"rendered":"<p>Por Danilo Costa &nbsp; Depois de uma semana de estabilidade, a regi\u00e3o entra em um per\u00edodo de aquecimento mais intenso, favorecido pela mudan\u00e7a gradual dos ventos, que ajudam a elevar as temperaturas. Durante a manh\u00e3 desta sexta-feira (28), j\u00e1 era poss\u00edvel perceber o in\u00edcio desse aquecimento, com m\u00ednimas mais altas em compara\u00e7\u00e3o aos \u00faltimos dias [&hellip;]<\/p>\n","protected":false},"author":26,"featured_media":40620,"comment_status":"open","ping_status":"open","sticky":false,"template":"","format":"standard","meta":{"footnotes":""},"categories":[2,80,6,89],"tags":[32,428,202,207,427],"class_list":["post-40619","post","type-post","status-publish","format-standard","has-post-thumbnail","hentry","category-geral","category-litoral-norte","category-tempo","category-vale-do-paraiba","tag-litoral-norte","tag-serra-mantiqueira","tag-tempo","tag-vale-do-paraiba","tag-vale-historico"],"aioseo_notices":[],"_links":{"self":[{"href":"https:\/\/lrm67.com\/index.php\/wp-json\/wp\/v2\/posts\/40619","targetHints":{"allow":["GET"]}}],"collection":[{"href":"https:\/\/lrm67.com\/index.php\/wp-json\/wp\/v2\/posts"}],"about":[{"href":"https:\/\/lrm67.com\/index.php\/wp-json\/wp\/v2\/types\/post"}],"author":[{"embeddable":true,"href":"https:\/\/lrm67.com\/index.php\/wp-json\/wp\/v2\/users\/26"}],"replies":[{"embeddable":true,"href":"https:\/\/lrm67.com\/index.php\/wp-json\/wp\/v2\/comments?post=40619"}],"version-history":[{"count":1,"href":"https:\/\/lrm67.com\/index.php\/wp-json\/wp\/v2\/posts\/40619\/revisions"}],"predecessor-version":[{"id":40621,"href":"https:\/\/lrm67.com\/index.php\/wp-json\/wp\/v2\/posts\/40619\/revisions\/40621"}],"wp:featuredmedia":[{"embeddable":true,"href":"https:\/\/lrm67.com\/index.php\/wp-json\/wp\/v2\/media\/40620"}],"wp:attachment":[{"href":"https:\/\/lrm67.com\/index.php\/wp-json\/wp\/v2\/media?parent=40619"}],"wp:term":[{"taxonomy":"category","embeddable":true,"href":"https:\/\/lrm67.com\/index.php\/wp-json\/wp\/v2\/categories?post=40619"},{"taxonomy":"post_tag","embeddable":true,"href":"https:\/\/lrm67.com\/index.php\/wp-json\/wp\/v2\/tags?post=40619"}],"curies":[{"name":"wp","href":"https:\/\/api.w.org\/{rel}","templated":true}]}}