{"id":40465,"date":"2025-11-25T08:49:46","date_gmt":"2025-11-25T11:49:46","guid":{"rendered":"https:\/\/lrm67.com\/?p=40465"},"modified":"2025-11-25T08:50:33","modified_gmt":"2025-11-25T11:50:33","slug":"palestra-magna-de-lancamento-do-empreenda-caraguatatuba-2025-e-nesta-terca-feira-no-teatro-mario-covas","status":"publish","type":"post","link":"https:\/\/lrm67.com\/index.php\/2025\/11\/25\/palestra-magna-de-lancamento-do-empreenda-caraguatatuba-2025-e-nesta-terca-feira-no-teatro-mario-covas\/","title":{"rendered":"Palestra Magna de lan\u00e7amento do Empreenda Caraguatatuba 2025 \u00e9 nesta ter\u00e7a-feira no Teatro Mario Covas"},"content":{"rendered":"<p>O lan\u00e7amento do Empreenda Caraguatatuba 2025 ser\u00e1 marcado pela palestra da subsecret\u00e1ria de Empreendedorismo e Produtividade do Estado de S\u00e3o Paulo, Myrian Mara Kosloski Prado, nesta ter\u00e7a-feira (25\/11), \u00e0s 19h, no Teatro Mario Covas, no Indai\u00e1. \u00a0O governo municipal promove a maior feira de empreendedorismo do Litoral Norte entre os dias 3 e 6 de dezembro, na Pra\u00e7a da Cultura, no Centro.<\/p>\n<p>A palestra, gratuita, traz orienta\u00e7\u00f5es para empres\u00e1rios, microempres\u00e1rios e microempreendedores individuais (MEIs) que buscam inovar, crescer e fortalecer seus neg\u00f3cios na regi\u00e3o.<\/p>\n<p>A Subsecretaria de Empreendedorismo e Produtividade \u00e9 ligada \u00e0 Secretaria de Desenvolvimento Econ\u00f4mico do Estado de S\u00e3o Paulo, e tem a miss\u00e3o de formular, coordenar e avaliar pol\u00edticas, programas e projetos estrat\u00e9gicos que impulsionem o empreendedorismo, facilitem o acesso ao cr\u00e9dito e microcr\u00e9dito produtivo, e elevem a produtividade geral da economia paulista. As inscri\u00e7\u00f5es para a palestra magna podem ser feitas no link <a href=\"https:\/\/www.sympla.com.br\/evento\/abertura-do-empreenda-caraguatatuba-2025\/3220457\">https:\/\/www.sympla.com.br\/evento\/abertura-do-empreenda-caraguatatuba-2025\/3220457<\/a>.<\/p>\n<p>O Teatro Mario Covas est\u00e1 localizado na Rua Goi\u00e1s, 187, bairro Indai\u00e1.<\/p>\n<p><img fetchpriority=\"high\" decoding=\"async\" class=\"alignnone size-full wp-image-40463\" src=\"https:\/\/lrm67.com\/wp-content\/uploads\/2025\/11\/WhatsApp-Image-2025-11-11-at-14.31.06-1.jpeg\" alt=\"\" width=\"1600\" height=\"838\" srcset=\"https:\/\/lrm67.com\/wp-content\/uploads\/2025\/11\/WhatsApp-Image-2025-11-11-at-14.31.06-1.jpeg 1600w, https:\/\/lrm67.com\/wp-content\/uploads\/2025\/11\/WhatsApp-Image-2025-11-11-at-14.31.06-1-300x157.jpeg 300w, https:\/\/lrm67.com\/wp-content\/uploads\/2025\/11\/WhatsApp-Image-2025-11-11-at-14.31.06-1-1024x536.jpeg 1024w, https:\/\/lrm67.com\/wp-content\/uploads\/2025\/11\/WhatsApp-Image-2025-11-11-at-14.31.06-1-768x402.jpeg 768w, https:\/\/lrm67.com\/wp-content\/uploads\/2025\/11\/WhatsApp-Image-2025-11-11-at-14.31.06-1-1536x804.jpeg 1536w\" sizes=\"(max-width: 1600px) 100vw, 1600px\" \/><\/p>\n<p>&nbsp;<\/p>\n<p><strong>Programa\u00e7\u00e3o de Palestras<\/strong><\/p>\n<p><strong>Dia 25\/11 (ter\u00e7a-feira)<\/strong><\/p>\n<p><strong>9h \u00e0s 11h \u2013\u00a0Palestra:<\/strong> Pr\u00e1tica de Compras P\u00fablicas (utiliza\u00e7\u00e3o da plataforma de compras governamentais\/ participa\u00e7\u00e3o de processos de licita\u00e7\u00f5es)<\/p>\n<p><strong>Inscri\u00e7\u00f5es:<\/strong>\u00a0<a href=\"https:\/\/www.sympla.com.br\/evento\/empreenda-caraguatatuba-2025-palestra-pratica-nas-compras-publicas\/3214027\"><strong>https:\/\/www.sympla.com.br\/evento\/empreenda-caraguatatuba-2025-palestra-pratica-nas-compras-publicas\/3214027<\/strong><\/a><\/p>\n<p><strong>\u00a0<\/strong><strong>Dia 27\/11 (quinta-feira)<\/strong><\/p>\n<p><strong>9h \u00e0s 11h \u2013\u00a0Palestra:<\/strong> \u201cLideran\u00e7a Resiliente: A Intelig\u00eancia Emocional como B\u00fassola para Gerir o Tempo e Evitar Esgotamento\u201d, com o professor do Centro Estadual de Educa\u00e7\u00e3o Tecnol\u00f3gica Paula Souza e mestrando, Izaltino Souza, cofundador da Conex\u00e3o Empresarial Inova\u00e7\u00e3o, Consultoria e Mentoria<\/p>\n<p><strong>Inscri\u00e7\u00f5es: <\/strong><a href=\"https:\/\/www.sympla.com.br\/evento\/lideranca-resiliente-a-inteligencia-emocional-como-bussola-para-gerir-o-tempo-e-evitar-esgotamento\/3221388\"><strong>https:\/\/www.sympla.com.br\/evento\/lideranca-resiliente-a-inteligencia-emocional-como-bussola-para-gerir-o-tempo-e-evitar-esgotamento\/3221388<\/strong><\/a><\/p>\n<p><strong>16h \u00e0s 18h \u2013\u00a0Palestra: <\/strong>\u201cFerramentas da Gest\u00e3o da Qualidade como Sustentabilidade Empresarial\u201d, com o superintendente da ETEC de Caraguatatuba, professor e mestre, Arnaldo Hamaguti, finalista do Pr\u00eamio Sebrae Transformador no ano de 2024 (3\u00b0 no estadual)<\/p>\n<p><strong>Inscri\u00e7\u00f5es: <\/strong><a href=\"https:\/\/www.sympla.com.br\/evento\/ferramentas-da-gestao-da-qualidade-como-sustentabilidade-empresarial\/3221409\"><strong>https:\/\/www.sympla.com.br\/evento\/ferramentas-da-gestao-da-qualidade-como-sustentabilidade-empresarial\/3221409<\/strong><\/a><\/p>\n<p><strong>Local:\u00a0 <\/strong>Instituto Federal de S\u00e3o Paulo (IFSP) Campus Caraguatatuba \u2013 Av. Bahia, 1739 \u2013 Indai\u00e1<\/p>\n<p><strong>Dia 28\/11 (sexta-feira)<\/strong><\/p>\n<p><strong>16h \u00e0s 18h \u2013 Palestra: <\/strong>\u201cRela\u00e7\u00f5es Trabalhistas e Boas Pr\u00e1ticas nas Contrata\u00e7\u00f5es\u201d, com o professor universit\u00e1rio das disciplinas Direito Administrativo I, Direito Aplicado aos Neg\u00f3cios e Business Intelligence e mestre em Ci\u00eancias Ambientais, com \u00eanfase em Direito e Gest\u00e3o Ambiental, Henrique Cardoso<\/p>\n<p><strong>Inscri\u00e7\u00f5es: <\/strong><a href=\"https:\/\/www.sympla.com.br\/evento\/empreenda-caraguatatuba-2025-palestra-relacoes-trabalhistas-e-boas-praticas-nas-contratacoes\/3221201\"><strong>https:\/\/www.sympla.com.br\/evento\/empreenda-caraguatatuba-2025-palestra-relacoes-trabalhistas-e-boas-praticas-nas-contratacoes\/3221201<\/strong><\/a><\/p>\n<p><strong>Local: <\/strong>Centro Universit\u00e1rio M\u00f3dulo \u2013 Campus Martim de S\u00e1 \u2013 Rua Maria D\u2019Assump\u00e7\u00e3o Carvalho, 1000 \u2013 Martim de S\u00e1<\/p>\n<p>&nbsp;<\/p>\n<p><strong>Programa\u00e7\u00e3o do Empreenda Caraguatatuba 2025<\/strong><\/p>\n<p><strong>Local:<\/strong> Avenida Dr. Arthur da Costa Filho (Avenida da Praia) \u2013 Centro<\/p>\n<p><strong>Dia 3 &#8211; Quarta-Feira<\/strong><\/p>\n<p><strong>17h30<\/strong> &#8211; Palestra \u201cLideran\u00e7a Resiliente: A intelig\u00eancia emocional como b\u00fassola para gerir o tempo e evitar o esgotamento\u201d<\/p>\n<p><strong>18h30<\/strong> &#8211; Rodada de Neg\u00f3cios<\/p>\n<p><strong>Dia 4 &#8211; Quinta-Feira<\/strong><\/p>\n<p><strong>17h30<\/strong> &#8211; Palestra \u201cFinan\u00e7as Empresariais e o uso estrat\u00e9gico dos indicadores\u201d<\/p>\n<p><strong>18h30<\/strong> &#8211; Rodada de Neg\u00f3cios<\/p>\n<p><strong>Dia 5 &#8211; Sexta-Feira<\/strong><\/p>\n<p><strong>18h<\/strong> &#8211; Palestra \u201cFerramentas de Gest\u00e3o de Qualidade como sustentabilidade empresarial<\/p>\n<p><strong>19h<\/strong> &#8211; Rodada de Cr\u00e9dito com Institui\u00e7\u00f5es Banc\u00e1rias P\u00fablica e Privada<\/p>\n<p><strong>Dia 6 &#8211; S\u00e1bado<\/strong><\/p>\n<p><strong>18h<\/strong> &#8211; Palestra \u201cAprenda a criar e otimizar o perfil da sua empresa no Google\u201d<\/p>\n<p><strong>19h<\/strong> &#8211; Rodada de Neg\u00f3cios<\/p>\n<p>&nbsp;<\/p>\n<pre>Foto: Gianni D\u2019Angelo<\/pre>\n","protected":false},"excerpt":{"rendered":"<p>O lan\u00e7amento do Empreenda Caraguatatuba 2025 ser\u00e1 marcado pela palestra da subsecret\u00e1ria de Empreendedorismo e Produtividade do Estado de S\u00e3o Paulo, Myrian Mara Kosloski Prado, nesta ter\u00e7a-feira (25\/11), \u00e0s 19h, no Teatro Mario Covas, no Indai\u00e1. \u00a0O governo municipal promove a maior feira de empreendedorismo do Litoral Norte entre os dias 3 e 6 de [&hellip;]<\/p>\n","protected":false},"author":26,"featured_media":40461,"comment_status":"open","ping_status":"open","sticky":false,"template":"","format":"standard","meta":{"footnotes":""},"categories":[8,4,12],"tags":[17,24,396],"class_list":["post-40465","post","type-post","status-publish","format-standard","has-post-thumbnail","hentry","category-caraguatatuba","category-economia","category-eventos","tag-caraguatatuba","tag-economia","tag-empreendedorismo"],"aioseo_notices":[],"_links":{"self":[{"href":"https:\/\/lrm67.com\/index.php\/wp-json\/wp\/v2\/posts\/40465","targetHints":{"allow":["GET"]}}],"collection":[{"href":"https:\/\/lrm67.com\/index.php\/wp-json\/wp\/v2\/posts"}],"about":[{"href":"https:\/\/lrm67.com\/index.php\/wp-json\/wp\/v2\/types\/post"}],"author":[{"embeddable":true,"href":"https:\/\/lrm67.com\/index.php\/wp-json\/wp\/v2\/users\/26"}],"replies":[{"embeddable":true,"href":"https:\/\/lrm67.com\/index.php\/wp-json\/wp\/v2\/comments?post=40465"}],"version-history":[{"count":1,"href":"https:\/\/lrm67.com\/index.php\/wp-json\/wp\/v2\/posts\/40465\/revisions"}],"predecessor-version":[{"id":40466,"href":"https:\/\/lrm67.com\/index.php\/wp-json\/wp\/v2\/posts\/40465\/revisions\/40466"}],"wp:featuredmedia":[{"embeddable":true,"href":"https:\/\/lrm67.com\/index.php\/wp-json\/wp\/v2\/media\/40461"}],"wp:attachment":[{"href":"https:\/\/lrm67.com\/index.php\/wp-json\/wp\/v2\/media?parent=40465"}],"wp:term":[{"taxonomy":"category","embeddable":true,"href":"https:\/\/lrm67.com\/index.php\/wp-json\/wp\/v2\/categories?post=40465"},{"taxonomy":"post_tag","embeddable":true,"href":"https:\/\/lrm67.com\/index.php\/wp-json\/wp\/v2\/tags?post=40465"}],"curies":[{"name":"wp","href":"https:\/\/api.w.org\/{rel}","templated":true}]}}