{"id":40403,"date":"2025-11-24T11:26:57","date_gmt":"2025-11-24T14:26:57","guid":{"rendered":"https:\/\/lrm67.com\/?p=40403"},"modified":"2025-11-24T11:27:46","modified_gmt":"2025-11-24T14:27:46","slug":"video-final-de-semana-na-regiao-e-marcada-por-temporais-em-diversas-cidades-ubatuba-registra-190-mm-em-24-horas","status":"publish","type":"post","link":"https:\/\/lrm67.com\/index.php\/2025\/11\/24\/video-final-de-semana-na-regiao-e-marcada-por-temporais-em-diversas-cidades-ubatuba-registra-190-mm-em-24-horas\/","title":{"rendered":"V\u00cdDEO: Final de semana na regi\u00e3o \u00e9 marcada por temporais em diversas cidades; Ubatuba registra 190 mm em 24 horas"},"content":{"rendered":"<p><strong>Por Danilo Costa<\/strong><\/p>\n<p>&nbsp;<\/p>\n<p>A segunda-feira (24) come\u00e7ou com transtornos causados pela chuva em diferentes pontos da regi\u00e3o.<\/p>\n<p>Desde a noite de domingo (23), o volume acumulado provocou alagamentos que bloquearam vias, atrasaram deslocamentos e deixaram moradores em alerta.<\/p>\n<p>Em algumas cidades, a \u00e1gua avan\u00e7ou rapidamente pelas ruas e mudou a rotina logo nas primeiras horas do dia.<\/p>\n<p>&nbsp;<\/p>\n<h2>Alagamentos isolam trechos e afetam servi\u00e7os<\/h2>\n<p>Segundo o Cemaden e o Inmet, Ubatuba registrou quase 190 mm de chuva em 24 horas, o maior \u00edndice do estado.<\/p>\n<p>Em v\u00e1rios bairros, motoristas enfrentaram dificuldade para trafegar e pedestres precisaram interromper o deslocamento. Apesar disso, n\u00e3o h\u00e1 registro de feridos ou deslizamentos.<\/p>\n<p>A Prefeitura informou que algumas escolas suspenderam as atividades pela manh\u00e3 e que parte dos servi\u00e7os municipais apresentou instabilidade, especialmente nos setores que dependem de sistemas eletr\u00f4nicos e internet.<\/p>\n<p>Por outro lado, os servi\u00e7os essenciais seguem funcionando normalmente, como as Unidades B\u00e1sicas de Sa\u00fade, os Postos de Sa\u00fade e a UPA Maranduba.<\/p>\n<p>J\u00e1 o agendamento de transporte de pacientes para outros munic\u00edpios passou a ser feito apenas de forma presencial, na Avenida Rio Grande do Sul, n\u00ba 710.<\/p>\n<p>No Vale do Para\u00edba, cidades como Cruzeiro, S\u00e3o Jos\u00e9 dos Campos e Taubat\u00e9 registraram chuva, mas com ocorr\u00eancias de menor impacto.<\/p>\n<p>Cruzeiro teve pontos de alagamento no Centro, enquanto Caraguatatuba enfrentou tamb\u00e9m quedas de \u00e1rvores e deslizamentos, mantendo equipes em alerta.<\/p>\n<p>Com o solo encharcado e previs\u00e3o de instabilidade, \u00f3rg\u00e3os de seguran\u00e7a orientam moradores a evitarem \u00e1reas alagadas e acionarem a Defesa Civil pelo 199 ou o Corpo de Bombeiros pelo 193 em caso de risco.<\/p>\n<div style=\"width: 640px;\" class=\"wp-video\"><!--[if lt IE 9]><script>document.createElement('video');<\/script><![endif]-->\n<video class=\"wp-video-shortcode\" id=\"video-40403-1\" width=\"640\" height=\"1138\" preload=\"metadata\" controls=\"controls\"><source type=\"video\/mp4\" src=\"https:\/\/lrm67.com\/wp-content\/uploads\/2025\/11\/Video_-Divulgacao-_-Francisco-Trevisan.mp4?_=1\" \/><a href=\"https:\/\/lrm67.com\/wp-content\/uploads\/2025\/11\/Video_-Divulgacao-_-Francisco-Trevisan.mp4\">https:\/\/lrm67.com\/wp-content\/uploads\/2025\/11\/Video_-Divulgacao-_-Francisco-Trevisan.mp4<\/a><\/video><\/div>\n<p>&nbsp;<\/p>\n<pre>Foto: Imagem ilustrativa\r\nV\u00eddeo: Divulga\u00e7\u00e3o \/ Francisco Trevisan<\/pre>\n","protected":false},"excerpt":{"rendered":"<p>Por Danilo Costa &nbsp; A segunda-feira (24) come\u00e7ou com transtornos causados pela chuva em diferentes pontos da regi\u00e3o. Desde a noite de domingo (23), o volume acumulado provocou alagamentos que bloquearam vias, atrasaram deslocamentos e deixaram moradores em alerta. Em algumas cidades, a \u00e1gua avan\u00e7ou rapidamente pelas ruas e mudou a rotina logo nas primeiras [&hellip;]<\/p>\n","protected":false},"author":26,"featured_media":40405,"comment_status":"open","ping_status":"open","sticky":false,"template":"","format":"standard","meta":{"footnotes":""},"categories":[2,80,6,14,89],"tags":[32,202,28,207],"class_list":["post-40403","post","type-post","status-publish","format-standard","has-post-thumbnail","hentry","category-geral","category-litoral-norte","category-tempo","category-ubatuba","category-vale-do-paraiba","tag-litoral-norte","tag-tempo","tag-ubatuba","tag-vale-do-paraiba"],"aioseo_notices":[],"_links":{"self":[{"href":"https:\/\/lrm67.com\/index.php\/wp-json\/wp\/v2\/posts\/40403","targetHints":{"allow":["GET"]}}],"collection":[{"href":"https:\/\/lrm67.com\/index.php\/wp-json\/wp\/v2\/posts"}],"about":[{"href":"https:\/\/lrm67.com\/index.php\/wp-json\/wp\/v2\/types\/post"}],"author":[{"embeddable":true,"href":"https:\/\/lrm67.com\/index.php\/wp-json\/wp\/v2\/users\/26"}],"replies":[{"embeddable":true,"href":"https:\/\/lrm67.com\/index.php\/wp-json\/wp\/v2\/comments?post=40403"}],"version-history":[{"count":1,"href":"https:\/\/lrm67.com\/index.php\/wp-json\/wp\/v2\/posts\/40403\/revisions"}],"predecessor-version":[{"id":40406,"href":"https:\/\/lrm67.com\/index.php\/wp-json\/wp\/v2\/posts\/40403\/revisions\/40406"}],"wp:featuredmedia":[{"embeddable":true,"href":"https:\/\/lrm67.com\/index.php\/wp-json\/wp\/v2\/media\/40405"}],"wp:attachment":[{"href":"https:\/\/lrm67.com\/index.php\/wp-json\/wp\/v2\/media?parent=40403"}],"wp:term":[{"taxonomy":"category","embeddable":true,"href":"https:\/\/lrm67.com\/index.php\/wp-json\/wp\/v2\/categories?post=40403"},{"taxonomy":"post_tag","embeddable":true,"href":"https:\/\/lrm67.com\/index.php\/wp-json\/wp\/v2\/tags?post=40403"}],"curies":[{"name":"wp","href":"https:\/\/api.w.org\/{rel}","templated":true}]}}