{"id":40394,"date":"2025-11-24T08:18:42","date_gmt":"2025-11-24T11:18:42","guid":{"rendered":"https:\/\/lrm67.com\/?p=40394"},"modified":"2025-11-24T08:18:42","modified_gmt":"2025-11-24T11:18:42","slug":"rmvale-tem-alerta-para-temporais-ate-terca-feira-25","status":"publish","type":"post","link":"https:\/\/lrm67.com\/index.php\/2025\/11\/24\/rmvale-tem-alerta-para-temporais-ate-terca-feira-25\/","title":{"rendered":"RMVale tem alerta para temporais at\u00e9 ter\u00e7a-feira (25)"},"content":{"rendered":"<p><strong>Por Danilo Costa<\/strong><\/p>\n<p>&nbsp;<\/p>\n<p>O in\u00edcio da semana na Regi\u00e3o Metropolitana do Vale do Para\u00edba pode ser marcado por instabilidades e impactos na rotina da popula\u00e7\u00e3o.<\/p>\n<p>Nesta segunda-feira (24), cidades do Vale, Serra da Mantiqueira e Litoral Norte est\u00e3o sob aten\u00e7\u00e3o por conta da previs\u00e3o de fortes chuvas, o que pode provocar transtornos em mobilidade urbana, \u00e1reas de encosta e regi\u00f5es pr\u00f3ximas a rios.<\/p>\n<p>A expectativa \u00e9 de que o mau tempo persista at\u00e9 esta ter\u00e7a-feira (25), influenciado pela lenta atua\u00e7\u00e3o de um sistema meteorol\u00f3gico que se desloca pela faixa costeira do Sudeste.<\/p>\n<p>Al\u00e9m da chuva volumosa, h\u00e1 possibilidade de rajadas de vento, descargas el\u00e9tricas e epis\u00f3dios isolados de granizo, fatores que elevam o risco de quedas de \u00e1rvores, alagamentos repentinos e deslizamentos.<\/p>\n<p>A recomenda\u00e7\u00e3o para quem precisa circular pela regi\u00e3o \u00e9 redobrar a aten\u00e7\u00e3o, evitando \u00e1reas sujeitas a ac\u00famulo de \u00e1gua e encostas inst\u00e1veis.<\/p>\n<p>Locais abertos, praias e campos tamb\u00e9m devem ser evitados durante tempestades.<\/p>\n<p>Em situa\u00e7\u00f5es de risco, os moradores podem acionar a Defesa Civil pelo 199 ou o Corpo de Bombeiros pelo 193.<\/p>\n<p>&nbsp;<\/p>\n<pre>Foto: Imagem ilustrativa \/ Redes Sociais<\/pre>\n","protected":false},"excerpt":{"rendered":"<p>Por Danilo Costa &nbsp; O in\u00edcio da semana na Regi\u00e3o Metropolitana do Vale do Para\u00edba pode ser marcado por instabilidades e impactos na rotina da popula\u00e7\u00e3o. Nesta segunda-feira (24), cidades do Vale, Serra da Mantiqueira e Litoral Norte est\u00e3o sob aten\u00e7\u00e3o por conta da previs\u00e3o de fortes chuvas, o que pode provocar transtornos em mobilidade [&hellip;]<\/p>\n","protected":false},"author":26,"featured_media":40395,"comment_status":"open","ping_status":"open","sticky":false,"template":"","format":"standard","meta":{"footnotes":""},"categories":[2,80,21,6,89],"tags":[32,263,415,202,207],"class_list":["post-40394","post","type-post","status-publish","format-standard","has-post-thumbnail","hentry","category-geral","category-litoral-norte","category-seguranca","category-tempo","category-vale-do-paraiba","tag-litoral-norte","tag-seguranca","tag-serra-da-mantiqueira","tag-tempo","tag-vale-do-paraiba"],"aioseo_notices":[],"_links":{"self":[{"href":"https:\/\/lrm67.com\/index.php\/wp-json\/wp\/v2\/posts\/40394","targetHints":{"allow":["GET"]}}],"collection":[{"href":"https:\/\/lrm67.com\/index.php\/wp-json\/wp\/v2\/posts"}],"about":[{"href":"https:\/\/lrm67.com\/index.php\/wp-json\/wp\/v2\/types\/post"}],"author":[{"embeddable":true,"href":"https:\/\/lrm67.com\/index.php\/wp-json\/wp\/v2\/users\/26"}],"replies":[{"embeddable":true,"href":"https:\/\/lrm67.com\/index.php\/wp-json\/wp\/v2\/comments?post=40394"}],"version-history":[{"count":1,"href":"https:\/\/lrm67.com\/index.php\/wp-json\/wp\/v2\/posts\/40394\/revisions"}],"predecessor-version":[{"id":40396,"href":"https:\/\/lrm67.com\/index.php\/wp-json\/wp\/v2\/posts\/40394\/revisions\/40396"}],"wp:featuredmedia":[{"embeddable":true,"href":"https:\/\/lrm67.com\/index.php\/wp-json\/wp\/v2\/media\/40395"}],"wp:attachment":[{"href":"https:\/\/lrm67.com\/index.php\/wp-json\/wp\/v2\/media?parent=40394"}],"wp:term":[{"taxonomy":"category","embeddable":true,"href":"https:\/\/lrm67.com\/index.php\/wp-json\/wp\/v2\/categories?post=40394"},{"taxonomy":"post_tag","embeddable":true,"href":"https:\/\/lrm67.com\/index.php\/wp-json\/wp\/v2\/tags?post=40394"}],"curies":[{"name":"wp","href":"https:\/\/api.w.org\/{rel}","templated":true}]}}