{"id":40358,"date":"2025-11-19T17:28:31","date_gmt":"2025-11-19T20:28:31","guid":{"rendered":"https:\/\/lrm67.com\/?p=40358"},"modified":"2025-11-19T17:28:48","modified_gmt":"2025-11-19T20:28:48","slug":"consciencia-negra-xxix-kizomba-inicia-nesta-quinta-com-extensa-programacao-artistica-e-cultural","status":"publish","type":"post","link":"https:\/\/lrm67.com\/index.php\/2025\/11\/19\/consciencia-negra-xxix-kizomba-inicia-nesta-quinta-com-extensa-programacao-artistica-e-cultural\/","title":{"rendered":"Consci\u00eancia Negra: XXIX Kizomba inicia nesta quinta com extensa programa\u00e7\u00e3o art\u00edstica e cultural"},"content":{"rendered":"<p>A Pra\u00e7a Dr. Di\u00f3genes Ribeiro de Lima, no Centro de Caraguatatuba, ser\u00e1 o palco da XXIX Kizomba da Consci\u00eancia Negra, que ser\u00e1 realizada de quinta-feira a s\u00e1bado (20 a 22\/11), sempre das 12h \u00e0s 23h. Com entrada gratuita e aberta \u00e0 popula\u00e7\u00e3o, a tradicional celebra\u00e7\u00e3o reafirma seu papel como um dos mais importantes eventos culturais do munic\u00edpio e da regi\u00e3o.<\/p>\n<p>Nesta edi\u00e7\u00e3o, a Kizomba traz como tema \u201cRepara\u00e7\u00e3o para o povo negro: Pagar a d\u00edvida hist\u00f3rica \u00e9 urgente!\u201d, refor\u00e7ando o compromisso com a valoriza\u00e7\u00e3o da cultura afro-brasileira, a promo\u00e7\u00e3o da igualdade racial e o debate sobre direitos e justi\u00e7a social. A programa\u00e7\u00e3o ser\u00e1 ampla e diversificada, com mais de 30 atra\u00e7\u00f5es art\u00edsticas e culturais, al\u00e9m de ato ecum\u00eanico, espa\u00e7o gastron\u00f4mico com culin\u00e1ria t\u00edpica, exposi\u00e7\u00e3o de artesanato local e oficinas art\u00edsticas e musicais para todas as idades.<\/p>\n<p>Entre os destaques confirmados est\u00e3o Dois Velhinhos Pelo Mundo, os contadores de hist\u00f3rias Rita Brugnerotti e Ricardo Magalh\u00e3es, Grupo de Maracatu Od\u00e9 da Mata, Roda de Capoeira, Mamulengo de Si Mesmo, Batuque Cai\u00e7ara, Lua e Rodrigo, Nas Ondas do Choro, Maria Diva, al\u00e9m do tradicional Samba de Roda com Mestre Angolinha e Raiane Pires, entre muitos outros que animar\u00e3o os tr\u00eas dias de celebra\u00e7\u00e3o.<\/p>\n<p>A XXIX Kizomba \u00e9 uma realiza\u00e7\u00e3o da Associa\u00e7\u00e3o Zamb\u00f4 do Movimento Negro de Caraguatatuba, com apoio do governo municipal e da Funda\u00e7\u00e3o Educacional e Cultural de Caraguatatuba (Fundacc). A Pra\u00e7a Dr. Di\u00f3genes Ribeiro de Lima, tamb\u00e9m conhecida como Pra\u00e7a do Artesanato, est\u00e1 localizada na Avenida Dr. Arthur da Costa Filho (Avenida da Praia), no Centro de Caraguatatuba.<\/p>\n<p>Para mais informa\u00e7\u00f5es e atualiza\u00e7\u00f5es sobre a programa\u00e7\u00e3o, acesse a p\u00e1gina oficial da organiza\u00e7\u00e3o no Instagram <a href=\"https:\/\/www.instagram.com\/zambomnc?utm_source=ig_web_button_share_sheet&amp;igsh=ZDNlZDc0MzIxNw==\">@zambomnc<\/a>.<\/p>\n<p>&nbsp;<\/p>\n<pre>Foto: J.C Curtis\/PMC<\/pre>\n","protected":false},"excerpt":{"rendered":"<p>A Pra\u00e7a Dr. Di\u00f3genes Ribeiro de Lima, no Centro de Caraguatatuba, ser\u00e1 o palco da XXIX Kizomba da Consci\u00eancia Negra, que ser\u00e1 realizada de quinta-feira a s\u00e1bado (20 a 22\/11), sempre das 12h \u00e0s 23h. Com entrada gratuita e aberta \u00e0 popula\u00e7\u00e3o, a tradicional celebra\u00e7\u00e3o reafirma seu papel como um dos mais importantes eventos culturais [&hellip;]<\/p>\n","protected":false},"author":26,"featured_media":40359,"comment_status":"open","ping_status":"open","sticky":false,"template":"","format":"standard","meta":{"footnotes":""},"categories":[8,30,7,12],"tags":[17,227,132],"class_list":["post-40358","post","type-post","status-publish","format-standard","has-post-thumbnail","hentry","category-caraguatatuba","category-cultura","category-destaque","category-eventos","tag-caraguatatuba","tag-cultura","tag-eventos"],"aioseo_notices":[],"_links":{"self":[{"href":"https:\/\/lrm67.com\/index.php\/wp-json\/wp\/v2\/posts\/40358","targetHints":{"allow":["GET"]}}],"collection":[{"href":"https:\/\/lrm67.com\/index.php\/wp-json\/wp\/v2\/posts"}],"about":[{"href":"https:\/\/lrm67.com\/index.php\/wp-json\/wp\/v2\/types\/post"}],"author":[{"embeddable":true,"href":"https:\/\/lrm67.com\/index.php\/wp-json\/wp\/v2\/users\/26"}],"replies":[{"embeddable":true,"href":"https:\/\/lrm67.com\/index.php\/wp-json\/wp\/v2\/comments?post=40358"}],"version-history":[{"count":1,"href":"https:\/\/lrm67.com\/index.php\/wp-json\/wp\/v2\/posts\/40358\/revisions"}],"predecessor-version":[{"id":40360,"href":"https:\/\/lrm67.com\/index.php\/wp-json\/wp\/v2\/posts\/40358\/revisions\/40360"}],"wp:featuredmedia":[{"embeddable":true,"href":"https:\/\/lrm67.com\/index.php\/wp-json\/wp\/v2\/media\/40359"}],"wp:attachment":[{"href":"https:\/\/lrm67.com\/index.php\/wp-json\/wp\/v2\/media?parent=40358"}],"wp:term":[{"taxonomy":"category","embeddable":true,"href":"https:\/\/lrm67.com\/index.php\/wp-json\/wp\/v2\/categories?post=40358"},{"taxonomy":"post_tag","embeddable":true,"href":"https:\/\/lrm67.com\/index.php\/wp-json\/wp\/v2\/tags?post=40358"}],"curies":[{"name":"wp","href":"https:\/\/api.w.org\/{rel}","templated":true}]}}