{"id":40354,"date":"2025-11-19T17:23:24","date_gmt":"2025-11-19T20:23:24","guid":{"rendered":"https:\/\/lrm67.com\/?p=40354"},"modified":"2025-11-19T17:24:12","modified_gmt":"2025-11-19T20:24:12","slug":"rodovias-da-rmvale-terao-operacao-especial-para-receber-3-milhoes-de-veiculos-no-feriadao","status":"publish","type":"post","link":"https:\/\/lrm67.com\/index.php\/2025\/11\/19\/rodovias-da-rmvale-terao-operacao-especial-para-receber-3-milhoes-de-veiculos-no-feriadao\/","title":{"rendered":"Rodovias da RMVale ter\u00e3o opera\u00e7\u00e3o especial para receber 3 milh\u00f5es de ve\u00edculos no feriad\u00e3o"},"content":{"rendered":"<p><strong>Por Danilo Costa<\/strong><\/p>\n<p>&nbsp;<\/p>\n<p>O feriado da Consci\u00eancia Negra, nesta quinta-feira (20), deve transformar as principais rodovias da RMVale em corredores de alta circula\u00e7\u00e3o durante o fim de semana prolongado.<\/p>\n<p>A regi\u00e3o entra na rota preferida de motoristas, impulsionando a expectativa de tr\u00e1fego acima do habitual.<\/p>\n<p>Somando as proje\u00e7\u00f5es do DER e das concession\u00e1rias Ecopistas, Tamoios e RioSP, mais de 3 milh\u00f5es de ve\u00edculos devem circular pelos principais acessos entre 19 e 23 de novembro.<\/p>\n<p>&nbsp;<\/p>\n<h2>DER prepara opera\u00e7\u00e3o especial com refor\u00e7o em trechos da regi\u00e3o<\/h2>\n<p>O Departamento de Estradas de Rodagem prev\u00ea grande concentra\u00e7\u00e3o de ve\u00edculos nas rodovias estaduais que ligam cidades do Vale ao litoral e \u00e0s \u00e1reas serranas.<\/p>\n<p>A Opera\u00e7\u00e3o contar\u00e1 com cerca de 280 profissionais, al\u00e9m de guinchos, viaturas, motos e ve\u00edculos de apoio.<\/p>\n<p>Medidas como libera\u00e7\u00e3o de acostamento, faixas revers\u00edveis e Opera\u00e7\u00e3o Comboio poder\u00e3o ser adotadas conforme a necessidade. A a\u00e7\u00e3o segue at\u00e9 domingo (23).<\/p>\n<p>&nbsp;<\/p>\n<h2>Ayrton Senna e Carvalho Pinto devem concentrar fluxo de sa\u00edda da capital<\/h2>\n<p>No corredor administrado pela Ecopistas, que conecta S\u00e3o Paulo ao Vale do Para\u00edba, a estimativa varia entre 454 mil e 699 mil ve\u00edculos.<\/p>\n<p>Os hor\u00e1rios mais cr\u00edticos devem ocorrer:<\/p>\n<ul>\n<li>Quarta (19): 16h \u00e0s 19h;<\/li>\n<li>Quinta (20): 7h \u00e0s 13h;<\/li>\n<li>Domingo (23): 11h \u00e0s 19h (retorno).<\/li>\n<\/ul>\n<p>A concession\u00e1ria refor\u00e7ou equipes de ambul\u00e2ncias, guinchos e inspe\u00e7\u00e3o.<\/p>\n<p>Todas as cabines aceitam pagamento por aproxima\u00e7\u00e3o, e algumas pra\u00e7as operam com autoatendimento.<\/p>\n<p>A Opera\u00e7\u00e3o ajudar\u00e1 a aumentar a seguran\u00e7a nos pontos de maior movimento.<\/p>\n<p>&nbsp;<\/p>\n<h2>Tamoios espera fluxo intenso rumo ao Litoral Norte<\/h2>\n<p>Para quem segue em dire\u00e7\u00e3o a Caraguatatuba, Ubatuba ou S\u00e3o Sebasti\u00e3o, a Rodovia dos Tamoios deve receber cerca de 190 mil ve\u00edculos durante o per\u00edodo.<\/p>\n<p>Guinchos adicionais estar\u00e3o dispon\u00edveis, e a Opera\u00e7\u00e3o pode ser acionada nos ped\u00e1gios.<\/p>\n<p>N\u00e3o haver\u00e1 fechamento de t\u00faneis, e as obras ser\u00e3o suspensas nos hor\u00e1rios de maior tr\u00e2nsito.<\/p>\n<p>Os contornos Norte e Sul seguem em opera\u00e7\u00e3o, assim como o sistema free flow no km 13,5.<\/p>\n<p>&nbsp;<\/p>\n<h2>Via Dutra ter\u00e1 movimento elevado entre S\u00e3o Paulo e RMVale<\/h2>\n<p>Principal liga\u00e7\u00e3o entre as capitais paulista e fluminense, a Via Dutra deve registrar 1,5 milh\u00e3o de ve\u00edculos no trecho administrado pela CCR RioSP.<\/p>\n<p>Hor\u00e1rios com previs\u00e3o de lentid\u00e3o:<\/p>\n<ul>\n<li>Quarta (19): 14h \u00e0s 21h;<\/li>\n<li>Quinta (20): 7h \u00e0s 13h;<\/li>\n<li>Domingo (23): 10h \u00e0s 18h.<\/li>\n<\/ul>\n<p>&nbsp;<\/p>\n<h2>Rio-Santos deve ser uma das rotas mais carregadas at\u00e9 o Litoral Norte<\/h2>\n<p>Entre Ubatuba e o Rio de Janeiro, a expectativa \u00e9 de mais de 230 mil ve\u00edculos.<\/p>\n<p>Os per\u00edodos de maior fluxo devem ocorrer:<\/p>\n<ul>\n<li>Quarta (19): 16h \u00e0s 18h;<\/li>\n<li>Quinta (20): 7h \u00e0s 17h;<\/li>\n<li>Domingo (23): 9h \u00e0s 18h.<\/li>\n<\/ul>\n<p>Com a expectativa de tr\u00e1fego mais pesado no feriado prolongado, as concession\u00e1rias orientam motoristas a checar as condi\u00e7\u00f5es do ve\u00edculo antes de viajar, seguir as regras de tr\u00e2nsito, n\u00e3o usar celular ao dirigir e recorrer ao acostamento somente em situa\u00e7\u00f5es emergenciais.<\/p>\n<p>A movimenta\u00e7\u00e3o deve ser maior nos acessos ao Litoral Norte e \u00e0s cidades da Serra da Mantiqueira, como Campos do Jord\u00e3o.<\/p>\n<p>&nbsp;<\/p>\n<pre>Foto: Imagem ilustrativa \/ Estad\u00e3o Conte\u00fado<\/pre>\n","protected":false},"excerpt":{"rendered":"<p>Por Danilo Costa &nbsp; O feriado da Consci\u00eancia Negra, nesta quinta-feira (20), deve transformar as principais rodovias da RMVale em corredores de alta circula\u00e7\u00e3o durante o fim de semana prolongado. A regi\u00e3o entra na rota preferida de motoristas, impulsionando a expectativa de tr\u00e1fego acima do habitual. Somando as proje\u00e7\u00f5es do DER e das concession\u00e1rias Ecopistas, [&hellip;]<\/p>\n","protected":false},"author":26,"featured_media":40355,"comment_status":"open","ping_status":"open","sticky":false,"template":"","format":"standard","meta":{"footnotes":""},"categories":[2,80,78,89],"tags":[32,415,205,207],"class_list":["post-40354","post","type-post","status-publish","format-standard","has-post-thumbnail","hentry","category-geral","category-litoral-norte","category-transito","category-vale-do-paraiba","tag-litoral-norte","tag-serra-da-mantiqueira","tag-transito","tag-vale-do-paraiba"],"aioseo_notices":[],"_links":{"self":[{"href":"https:\/\/lrm67.com\/index.php\/wp-json\/wp\/v2\/posts\/40354","targetHints":{"allow":["GET"]}}],"collection":[{"href":"https:\/\/lrm67.com\/index.php\/wp-json\/wp\/v2\/posts"}],"about":[{"href":"https:\/\/lrm67.com\/index.php\/wp-json\/wp\/v2\/types\/post"}],"author":[{"embeddable":true,"href":"https:\/\/lrm67.com\/index.php\/wp-json\/wp\/v2\/users\/26"}],"replies":[{"embeddable":true,"href":"https:\/\/lrm67.com\/index.php\/wp-json\/wp\/v2\/comments?post=40354"}],"version-history":[{"count":2,"href":"https:\/\/lrm67.com\/index.php\/wp-json\/wp\/v2\/posts\/40354\/revisions"}],"predecessor-version":[{"id":40357,"href":"https:\/\/lrm67.com\/index.php\/wp-json\/wp\/v2\/posts\/40354\/revisions\/40357"}],"wp:featuredmedia":[{"embeddable":true,"href":"https:\/\/lrm67.com\/index.php\/wp-json\/wp\/v2\/media\/40355"}],"wp:attachment":[{"href":"https:\/\/lrm67.com\/index.php\/wp-json\/wp\/v2\/media?parent=40354"}],"wp:term":[{"taxonomy":"category","embeddable":true,"href":"https:\/\/lrm67.com\/index.php\/wp-json\/wp\/v2\/categories?post=40354"},{"taxonomy":"post_tag","embeddable":true,"href":"https:\/\/lrm67.com\/index.php\/wp-json\/wp\/v2\/tags?post=40354"}],"curies":[{"name":"wp","href":"https:\/\/api.w.org\/{rel}","templated":true}]}}