{"id":40318,"date":"2025-11-18T19:10:58","date_gmt":"2025-11-18T22:10:58","guid":{"rendered":"https:\/\/lrm67.com\/?p=40318"},"modified":"2025-11-19T11:14:05","modified_gmt":"2025-11-19T14:14:05","slug":"inscricoes-para-vagas-remanescentes-do-empreenda-caraguatatuba-2025-terminam-na-proxima-terca-feira","status":"publish","type":"post","link":"https:\/\/lrm67.com\/index.php\/2025\/11\/18\/inscricoes-para-vagas-remanescentes-do-empreenda-caraguatatuba-2025-terminam-na-proxima-terca-feira\/","title":{"rendered":"Inscri\u00e7\u00f5es para vagas remanescentes do Empreenda Caraguatatuba 2025 terminam na pr\u00f3xima ter\u00e7a-feira"},"content":{"rendered":"<p><span style=\"font-weight: 400;\">As inscri\u00e7\u00f5es da segunda chamada das vagas remanescentes do Empreenda Caraguatatuba (Chamamento P\u00fablico n\u00ba 09\/2025) seguem abertas at\u00e9 \u00e0s 16h da pr\u00f3xima ter\u00e7a-feira (25\/11), exclusivamente no site <\/span><a href=\"https:\/\/www.google.com\/search?q=http:\/\/www.comprascaragua.com.br\"><span style=\"font-weight: 400;\">www.comprascaragua.com.br<\/span><\/a><span style=\"font-weight: 400;\">. O governo municipal promove a maior feira de empreendedorismo do Litoral Norte entre os dias 3 e 6 de dezembro, na Pra\u00e7a da Cultura, no Centro.\u00a0<\/span><\/p>\n<p><span style=\"font-weight: 400;\">A classifica\u00e7\u00e3o das empresas inscritas na primeira chamada foi publicada no dia 10 de novembro na <\/span><a href=\"https:\/\/diariooficial.caraguatatuba.sp.gov.br\/public\/consulta\/diario\/pdf\/110\"><span style=\"font-weight: 400;\">Edi\u00e7\u00e3o 1.731<\/span><\/a> <span style=\"font-weight: 400;\">do Di\u00e1rio Oficial Eletr\u00f4nico do Munic\u00edpio. A primeira chamada para essas vagas ocorreu entre os dias 7 e 13 de novembro.<\/span><\/p>\n<p><span style=\"font-weight: 400;\">A listagem das vagas remanescentes do evento, os empreendedores habilitados e o prazo final para entrega de documentos pendentes ou vencidos foram publicados na\u00a0 <\/span><a href=\"https:\/\/diariooficial.caraguatatuba.sp.gov.br\/public\/consulta\/diario\/pdf\/110\"><span style=\"font-weight: 400;\">Edi\u00e7\u00e3o Extraordin\u00e1ria 1.736<\/span><\/a><span style=\"font-weight: 400;\"> do DOM da \u00faltima sexta-feira (14\/11), no site <\/span><a href=\"https:\/\/diariooficial.caraguatatuba.sp.gov.br\/public\/consulta\"><span style=\"font-weight: 400;\">https:\/\/diariooficial.caraguatatuba.sp.gov.br\/public\/consulta<\/span><\/a><span style=\"font-weight: 400;\">.<\/span><\/p>\n<p><span style=\"font-weight: 400;\">Em 2025, microempresas (ME), empresas de pequeno porte (EPP) e de outros portes selecionadas ocupar\u00e3o 120 estandes, sendo 80 estandes de 3&#215;3 metros, 20 estandes do espa\u00e7o destinado para a \u201cEsta\u00e7\u00e3o MEI\u201d, e 20 estandes do espa\u00e7o destinado para a \u201cCaragu\u00e1 Delas\u201d durante os quatro dias de feira. Uma das novidades \u00e9 a cria\u00e7\u00e3o da sala \u201cEsta\u00e7\u00e3o MEI\u201d, voltada para microempreendedores individuais, e da sala \u201cCaragu\u00e1 Delas\u201d, destinada \u00e0s microempreendedoras individuais. Haver\u00e1 ainda uma ampla sala de rodadas de neg\u00f3cios e pra\u00e7a de alimenta\u00e7\u00e3o.<\/span> <span style=\"font-weight: 400;\"><br \/>\n<\/span><span style=\"font-weight: 400;\">Uma das novidades do evento \u00e9 a cria\u00e7\u00e3o da sala \u201cEsta\u00e7\u00e3o MEI\u201d, voltada para Microempreendedores Individuais, e da sala \u201cCaragu\u00e1 Delas\u201d, destinada \u00e0s microempreendedoras individuais. O espa\u00e7o contar\u00e1 ainda com uma ampla sala de rodadas de neg\u00f3cios e uma pra\u00e7a de alimenta\u00e7\u00e3o.<\/span><\/p>\n<p><span style=\"font-weight: 400;\">Do total de 120 estandes, a Secretaria de Administra\u00e7\u00e3o reservou oito vagas para empresas da Regi\u00e3o Metropolitana do Vale do Para\u00edba e Litoral Norte. Al\u00e9m disso, os expositores selecionados t\u00eam a oportunidade de participar das palestras sobre empreendedorismo que acontecem ao longo do m\u00eas de novembro.<\/span><\/p>\n<p><span style=\"font-weight: 400;\">Os expositores selecionados devem pagar uma taxa de participa\u00e7\u00e3o de R$ 1.990,00. Para os Microempreendedores Individuais das salas &#8220;Esta\u00e7\u00e3o MEI&#8221; e &#8220;Caragu\u00e1 Delas&#8221;, a taxa ser\u00e1 reduzida, no valor de R$ 199,00. As empresas interessadas tamb\u00e9m podem expor seus produtos fora do pavilh\u00e3o, em uma \u00e1rea de at\u00e9 50 m\u00b2, mediante taxa adicional de R$ 80 por m\u00b2.<\/span><\/p>\n<p><span style=\"font-weight: 400;\">Cada estande contar\u00e1 com energia el\u00e9trica e conex\u00e3o \u00e0 internet. A estiliza\u00e7\u00e3o, decora\u00e7\u00e3o e identidade visual do espa\u00e7o ser\u00e3o de responsabilidade do expositor.<\/span><\/p>\n<h2><b>Lan\u00e7amento e palestra de abertura\u00a0<\/b><\/h2>\n<p><span style=\"font-weight: 400;\">O lan\u00e7amento do maior evento de empreendedorismo do Litoral Norte ser\u00e1 marcado por uma palestra especial, ministrada pela subsecret\u00e1ria de Empreendedorismo e Produtividade do Estado de S\u00e3o Paulo, Myrian Mara Kosloski Prado. O evento ser\u00e1 realizado na pr\u00f3xima ter\u00e7a-feira (25\/11), \u00e0s 19h, no Teatro Mario Covas, no Indai\u00e1 (Avenida Goi\u00e1s, 187).<\/span><\/p>\n<p><span style=\"font-weight: 400;\">A subsecret\u00e1ria \u00e9 a principal respons\u00e1vel por formular e coordenar pol\u00edticas estrat\u00e9gicas que impulsionam o empreendedorismo e a produtividade da economia paulista.<\/span><\/p>\n<h2><b>Programa\u00e7\u00e3o<\/b><\/h2>\n<p><span style=\"font-weight: 400;\">O Empreenda Caraguatatuba 2025 funciona das 13h \u00e0s 21h nos dias 3 e 4 de dezembro (quarta e quinta-feira); e das 13h \u00e0s 22h nos dias 5 e 6 (sexta e s\u00e1bado). O evento, que \u00e9 aberto ao p\u00fablico, contar\u00e1 com exposi\u00e7\u00f5es de produtos e servi\u00e7os, palestras, workshops e rodadas de neg\u00f3cios. Al\u00e9m dos 120 expositores, os visitantes ter\u00e3o \u00e0 disposi\u00e7\u00e3o uma pra\u00e7a de alimenta\u00e7\u00e3o com diversas op\u00e7\u00f5es gastron\u00f4micas.<\/span><\/p>\n<p><span style=\"font-weight: 400;\">O evento tem o objetivo de estimular a integra\u00e7\u00e3o entre com\u00e9rcio, ind\u00fastria, servi\u00e7os, institui\u00e7\u00f5es de fomento, universidades e comunidade, al\u00e9m de fortalecer a rede de empresas locais, atrair novos empreendimentos e consolidar a cultura empreendedora no munic\u00edpio.<\/span><\/p>\n<p><span style=\"font-weight: 400;\">O prefeito Mateus Silva refor\u00e7a a import\u00e2ncia do evento para a economia local: \u201cCaraguatatuba tem um perfil empreendedor que \u00e9 motivo de orgulho. O Empreenda \u00e9 um espa\u00e7o de oportunidades, de troca de experi\u00eancias e de valoriza\u00e7\u00e3o de quem acredita na cidade. Nosso compromisso \u00e9 continuar criando um ambiente f\u00e9rtil para quem quer inovar, prosperar e gerar empregos e renda.\u201d<\/span><\/p>\n<p><span style=\"font-weight: 400;\">Mais informa\u00e7\u00f5es no site\u00a0<\/span><a href=\"https:\/\/empreenda.caraguatatuba.sp.gov.br\/\"><span style=\"font-weight: 400;\">https:\/\/empreenda.caraguatatuba.sp.gov.br\/<\/span><\/a><span style=\"font-weight: 400;\">.<\/span><\/p>\n<h2><b>Programa\u00e7\u00e3o de Palestras do Empreenda Caraguatatuba 2025<\/b><\/h2>\n<h3><b>IFSP \u2013 Campus Caraguatatuba<\/b><\/h3>\n<p><b>Dia 25\/11 (ter\u00e7a-feira)<\/b><\/p>\n<p><b>9h \u00e0s 11h \u2013\u00a0<\/b><span style=\"font-weight: 400;\">Palestra: Pr\u00e1tica de Compras P\u00fablicas (utiliza\u00e7\u00e3o da plataforma de compras governamentais\/ participa\u00e7\u00e3o de processos de licita\u00e7\u00f5es)<\/span><\/p>\n<p><b>Inscri\u00e7\u00f5es:<\/b><span style=\"font-weight: 400;\">\u00a0<\/span><a href=\"https:\/\/www.sympla.com.br\/evento\/empreenda-caraguatatuba-2025-palestra-pratica-nas-compras-publicas\/3214027\"><b>https:\/\/www.sympla.com.br\/evento\/empreenda-caraguatatuba-2025-palestra-pratica-nas-compras-publicas\/3214027<\/b><\/a><\/p>\n<p><b>Local:\u00a0\u00a0<\/b><span style=\"font-weight: 400;\">Instituto Federal de S\u00e3o Paulo (IFSP) Campus Caraguatatuba \u2013 Av. Bahia, 1739 \u2013 Indai\u00e1<\/span><\/p>\n<p><b>Teatro Mario Covas\u00a0<\/b><\/p>\n<p><b>Dia 25\/11 (ter\u00e7a-feira)<\/b><\/p>\n<p><b>19h \u2013\u00a0<\/b><span style=\"font-weight: 400;\">Palestra de abertura do Empreenda Caraguatatuba 2025, com a subsecret\u00e1ria de Empreendedorismo e Produtividade do Estado de S\u00e3o Paulo Myrian Mara Kosloski Prado<\/span><\/p>\n<p><b>Inscri\u00e7\u00f5es:\u00a0<\/b><a href=\"https:\/\/www.sympla.com.br\/evento\/abertura-do-empreenda-caraguatatuba-2025\/3220457\"><b>https:\/\/www.sympla.com.br\/evento\/abertura-do-empreenda-caraguatatuba-2025\/3220457<\/b><\/a><\/p>\n<p><b>Local:<\/b><span style=\"font-weight: 400;\">\u00a0Teatro Mario Covas \u2013 Avenida Goi\u00e1s, 187 \u2013 Indai\u00e1<\/span><\/p>\n<p><b>Vagas limitadas<\/b><\/p>\n<p><b>Informa\u00e7\u00f5es:<\/b><span style=\"font-weight: 400;\">\u00a0<\/span><a href=\"https:\/\/empreenda.caraguatatuba.sp.gov.br\/\"><span style=\"font-weight: 400;\">https:\/\/empreenda.caraguatatuba.sp.gov.br\/<\/span><\/a><\/p>\n<h3><b><br \/>\n<\/b><b>Empreenda Caraguatatuba 2025<\/b><\/h3>\n<p><b>Pra\u00e7a da Cultura \u2013 Centro<\/b><\/p>\n<p><b>Dias 3 e 4 de dezembro (quarta e quinta-feira)<\/b><\/p>\n<p><b>13h \u00e0s 21h<\/b><\/p>\n<p><b>Dias 5 e 6 de dezembro (sexta-feira e s\u00e1bado)<\/b><\/p>\n<p><b>13h \u00e0s 22h<\/b><\/p>\n<p><b>Credenciamento Gratuito de Visitantes<\/b><\/p>\n<p><b>\u00a0<\/b><a href=\"https:\/\/www.sympla.com.br\/evento\/empreenda-caraguatatuba-2025\/3208790\"><b>https:\/\/www.sympla.com.br\/evento\/empreenda-caraguatatuba-2025\/3208790<\/b><\/a><\/p>\n<p><b>Local:<\/b><span style=\"font-weight: 400;\">\u00a0Avenida Dr. Arthur da Costa Filho (Avenida da Praia) \u2013 Centro<\/span><\/p>\n","protected":false},"excerpt":{"rendered":"<p>As inscri\u00e7\u00f5es da segunda chamada das vagas remanescentes do Empreenda Caraguatatuba (Chamamento P\u00fablico n\u00ba 09\/2025) seguem abertas at\u00e9 \u00e0s 16h da pr\u00f3xima ter\u00e7a-feira (25\/11), exclusivamente no site www.comprascaragua.com.br. O governo municipal promove a maior feira de empreendedorismo do Litoral Norte entre os dias 3 e 6 de dezembro, na Pra\u00e7a da Cultura, no Centro.\u00a0 A [&hellip;]<\/p>\n","protected":false},"author":26,"featured_media":40319,"comment_status":"open","ping_status":"open","sticky":false,"template":"","format":"standard","meta":{"footnotes":""},"categories":[8,4,12,2],"tags":[],"class_list":["post-40318","post","type-post","status-publish","format-standard","has-post-thumbnail","hentry","category-caraguatatuba","category-economia","category-eventos","category-geral"],"aioseo_notices":[],"_links":{"self":[{"href":"https:\/\/lrm67.com\/index.php\/wp-json\/wp\/v2\/posts\/40318","targetHints":{"allow":["GET"]}}],"collection":[{"href":"https:\/\/lrm67.com\/index.php\/wp-json\/wp\/v2\/posts"}],"about":[{"href":"https:\/\/lrm67.com\/index.php\/wp-json\/wp\/v2\/types\/post"}],"author":[{"embeddable":true,"href":"https:\/\/lrm67.com\/index.php\/wp-json\/wp\/v2\/users\/26"}],"replies":[{"embeddable":true,"href":"https:\/\/lrm67.com\/index.php\/wp-json\/wp\/v2\/comments?post=40318"}],"version-history":[{"count":1,"href":"https:\/\/lrm67.com\/index.php\/wp-json\/wp\/v2\/posts\/40318\/revisions"}],"predecessor-version":[{"id":40320,"href":"https:\/\/lrm67.com\/index.php\/wp-json\/wp\/v2\/posts\/40318\/revisions\/40320"}],"wp:featuredmedia":[{"embeddable":true,"href":"https:\/\/lrm67.com\/index.php\/wp-json\/wp\/v2\/media\/40319"}],"wp:attachment":[{"href":"https:\/\/lrm67.com\/index.php\/wp-json\/wp\/v2\/media?parent=40318"}],"wp:term":[{"taxonomy":"category","embeddable":true,"href":"https:\/\/lrm67.com\/index.php\/wp-json\/wp\/v2\/categories?post=40318"},{"taxonomy":"post_tag","embeddable":true,"href":"https:\/\/lrm67.com\/index.php\/wp-json\/wp\/v2\/tags?post=40318"}],"curies":[{"name":"wp","href":"https:\/\/api.w.org\/{rel}","templated":true}]}}