{"id":40145,"date":"2025-11-13T14:04:24","date_gmt":"2025-11-13T17:04:24","guid":{"rendered":"https:\/\/lrm67.com\/?p=40145"},"modified":"2025-11-13T16:09:21","modified_gmt":"2025-11-13T19:09:21","slug":"prefeito-de-sao-sebastiao-decreta-luto-oficial-de-tres-dias-pela-morte-do-ex-prefeito-joao-siqueira","status":"publish","type":"post","link":"https:\/\/lrm67.com\/index.php\/2025\/11\/13\/prefeito-de-sao-sebastiao-decreta-luto-oficial-de-tres-dias-pela-morte-do-ex-prefeito-joao-siqueira\/","title":{"rendered":"Prefeito de S\u00e3o Sebasti\u00e3o decreta Luto Oficial de tr\u00eas dias pela morte do ex-prefeito Jo\u00e3o Siqueira"},"content":{"rendered":"<p>O prefeito de S\u00e3o Sebasti\u00e3o, Reinaldinho Moreira, assinou o Decreto 9.909\/2025 de Luto Oficial de tr\u00eas dias pelo falecimento do ex-prefeito Jo\u00e3o Augusto Siqueira, ocorrido na quarta-feira (12 \/11), data em que completou 90 anos, ap\u00f3s meses de tratamento contra uma leucemia.<\/p>\n<p>A Prefeitura de S\u00e3o Sebasti\u00e3o, em nome do prefeito Reinaldinho Moreira e de toda a administra\u00e7\u00e3o municipal, expressa solidariedade aos familiares e amigos neste momento de profunda tristeza.<\/p>\n<p>Jo\u00e3o Siqueira foi vereador na Legislatura (1988 \u2013 1992) e foi um dos respons\u00e1veis pela elabora\u00e7\u00e3o do primeiro Plano Diretor do munic\u00edpio. Dez anos depois, em 1997, a Prefeitura de S\u00e3o Sebasti\u00e3o.<\/p>\n<p>Em entrevista ao Arquivo P\u00fablico de S\u00e3o Sebasti\u00e3o, o ex-prefeito Dr. Jo\u00e3o Siqueira contou sobre sua hist\u00f3ria que come\u00e7ou na capital paranaense e terminou em S\u00e3o Sebasti\u00e3o.<\/p>\n<p>Natural de Curitiba (PR), muito cedo ele come\u00e7ou a trabalhar, juntamente, com seus outros irm\u00e3os, ajudando na manuten\u00e7\u00e3o da casa. Estava servindo na Pol\u00edcia Especial do Ex\u00e9rcito, na cidade do Rio de Janeiro, na ocasi\u00e3o da morte do presidente Get\u00falio Vargas.<\/p>\n<p>Ao retornar \u00e0 Curitiba, prestou vestibular e passou em 1\u00ba lugar na Faculdade de Odontologia da Universidade Federal do Paran\u00e1. \u201cEu escolhi esse curso porque j\u00e1 tinha um pouco de experi\u00eancia por ter trabalhado num laborat\u00f3rio de pr\u00f3tese dent\u00e1ria. Apesar das dificuldades, a minha m\u00e3e conseguiu encaminhar todos os seus filhos para faculdades\u201d, contou.<\/p>\n<p>Depois de formado, Jo\u00e3o Siqueira foi trabalhar na cidade de Luc\u00e9lia (SP), onde fez parte de uma equipe m\u00e9dica e param\u00e9dica. Em janeiro de 1963, j\u00e1 casado com a jornalista Priscila Dulce Dalledone Siqueira, veio morar em S\u00e3o Sebasti\u00e3o.<\/p>\n<p>Com eles, vieram os m\u00e9dicos Zaire Rezende (ex-vereador e presidente da C\u00e2mara), Ant\u00f4nio Celso Escada, Jos\u00e9 Crispim de Carvalho Noronha, Elisa e \u00c1lvaro Pinheiro Mendon\u00e7a e Deocleciano Bendocchi Alves.<\/p>\n<blockquote><p>\u201cEu vim para a cidade de S\u00e3o Sebasti\u00e3o por influ\u00eancia da minha esposa, que participava da A\u00e7\u00e3o Cat\u00f3lica Brasileira, um agrupamento de estudantes cat\u00f3licos do Brasil que faziam jornadas e estudos\u201d.<\/p><\/blockquote>\n<p>A ent\u00e3o proposta desses jovens profissionais era a de colocar para funcionar o Hospital de Cl\u00ednicas de S\u00e3o Sebasti\u00e3o, constru\u00eddo pela comunidade e passado para o Governo do Estado de S\u00e3o Paulo, cujo governador era Carvalho Pinto. Equipado, o Hospital de Cl\u00ednicas come\u00e7ou a funcionar em mar\u00e7o de 1963, com a m\u00edstica de dar um atendimento de alto n\u00edvel a toda popula\u00e7\u00e3o, principalmente os mais carentes.<\/p>\n<p>Nesse hospital nasceram os cinco filhos do ex-vereador Jo\u00e3o Siqueira.<\/p>\n<p>Ainda como funcion\u00e1rio do hospital, Jo\u00e3o Siqueira montou o seu consult\u00f3rio, dando atendimento gratuito a quem o procurava. Por duas vezes, ele foi provedor da Santa Casa de Miseric\u00f3rdia de S\u00e3o Sebasti\u00e3o e ficou sendo respons\u00e1vel pelo hospital.<\/p>\n<p>Desde a \u00e9poca de escola Jo\u00e3o Siqueira estava interessado pela \u00e1rea pol\u00edtica. &#8220;Eu participava de gr\u00eamio da escola e do diret\u00f3rio da faculdade, tanto que virei o presidente da mesa diretora de odontologia&#8221;.<\/p>\n<p>Em S\u00e3o Sebasti\u00e3o, participou ativamente nas lutas do Sindicato dos Petroleiros, sendo o \u00fanico profissional liberal do Terminal Almirante Barroso (Tebar), onde come\u00e7ou a trabalhar como dentista em 1964, que fazia greve em favor da categoria.<\/p>\n<p>Jo\u00e3o Siqueira participou do grupo que lutou para que a cidade pudesse indicar um prefeito local, o que somente veio ocorrer com a elei\u00e7\u00e3o do empres\u00e1rio D\u00e9cio Moreira Galv\u00e3o (1979 \u2013 1985)<\/p>\n<p>Eleito vereador para a Legislatura (1988 \u2013 1992) foi um dos respons\u00e1veis pela elabora\u00e7\u00e3o do primeiro Plano Diretor do munic\u00edpio. \u201cEu fui eleito vereador sem pedir voto, apenas me apresentava e dizia que estava disputando a elei\u00e7\u00e3o. Eu tinha muita liga\u00e7\u00e3o com as pessoas e obtive aproximadamente 330 votos.<\/p>\n<p>Dez anos depois, em 1997, Jo\u00e3o Siqueira assumiu a prefeitura de S\u00e3o Sebasti\u00e3o, mandato que se estendeu at\u00e9 o ano de 2000. \u00c0 frente do Executivo Municipal recebeu os pr\u00eamios \u2018Prefeito Crian\u00e7a\u2019, da Funda\u00e7\u00e3o Abrinq, escolhido entre os 20 melhores prefeitos do Brasil. Tamb\u00e9m foi agraciado pelo pr\u00eamio \u2018Betinho da Paz\u2019, por ter colocado nos bancos escolares 98% das crian\u00e7as em idade escolar, moradoras de S\u00e3o Sebasti\u00e3o.<br \/>\nSua gest\u00e3o foi marcada pela reforma do pr\u00e9dio da Igreja Matriz, que estava condenado pelos t\u00e9cnicos (PL 01\/2000).<\/p>\n<blockquote><p>\u201cA Igreja estava interditada e caindo aos peda\u00e7os. A reforma custou R$ 800 mil e busquei ajuda ao Miguel Jorge, presidente da Volkswagen Latina na \u00e9poca. Ele se comprometeu a ajudar R$ 400 mil. Tamb\u00e9m pedi o apoio da Petrobras, mostrei a import\u00e2ncia do patrim\u00f4nio hist\u00f3rico para a cidade, e recebemos o repasse de R$ 300 mil. Por fim, a Prefeitura contribuiu com R$ 100 mil\u201d, relembrou.<\/p><\/blockquote>\n<p>Jo\u00e3o Siqueira tamb\u00e9m recorda da luta para a constru\u00e7\u00e3o das casas para os ind\u00edgenas da aldeia Rio Silveiras, em Boraceia. \u201cOs ind\u00edgenas queriam exatamente 40 casas, n\u00e3o aceitavam nem mais e nem menos, foi uma discuss\u00e3o grande e eu estava presente, no fim, o n\u00famero de casas foi menor do que o esperado\u201d.<\/p>\n<p>Durante sua administra\u00e7\u00e3o, ele ainda se destacou aquisi\u00e7\u00e3o da Praia Grande e sua transforma\u00e7\u00e3o no Balne\u00e1rio dos Trabalhadores, pelo treinamento Appel \u2013 voltado \u00e0 moderniza\u00e7\u00e3o da gest\u00e3o p\u00fablica \u2013 e pela realiza\u00e7\u00e3o da Regata Whitbread, evento internacional que projetou o munic\u00edpio no cen\u00e1rio n\u00e1utico mundial.<br \/>\nEm 2018, foi homenageado pela C\u00e2mara Municipal pelos relevantes servi\u00e7os prestados \u00e0 cidade.<\/p>\n","protected":false},"excerpt":{"rendered":"<p>O prefeito de S\u00e3o Sebasti\u00e3o, Reinaldinho Moreira, assinou o Decreto 9.909\/2025 de Luto Oficial de tr\u00eas dias pelo falecimento do ex-prefeito Jo\u00e3o Augusto Siqueira, ocorrido na quarta-feira (12 \/11), data em que completou 90 anos, ap\u00f3s meses de tratamento contra uma leucemia. A Prefeitura de S\u00e3o Sebasti\u00e3o, em nome do prefeito Reinaldinho Moreira e de [&hellip;]<\/p>\n","protected":false},"author":26,"featured_media":40146,"comment_status":"open","ping_status":"open","sticky":false,"template":"","format":"standard","meta":{"footnotes":""},"categories":[7,2,13],"tags":[305,22],"class_list":["post-40145","post","type-post","status-publish","format-standard","has-post-thumbnail","hentry","category-destaque","category-geral","category-sao-sebastiao","tag-luto","tag-sao-sebastiao"],"aioseo_notices":[],"_links":{"self":[{"href":"https:\/\/lrm67.com\/index.php\/wp-json\/wp\/v2\/posts\/40145","targetHints":{"allow":["GET"]}}],"collection":[{"href":"https:\/\/lrm67.com\/index.php\/wp-json\/wp\/v2\/posts"}],"about":[{"href":"https:\/\/lrm67.com\/index.php\/wp-json\/wp\/v2\/types\/post"}],"author":[{"embeddable":true,"href":"https:\/\/lrm67.com\/index.php\/wp-json\/wp\/v2\/users\/26"}],"replies":[{"embeddable":true,"href":"https:\/\/lrm67.com\/index.php\/wp-json\/wp\/v2\/comments?post=40145"}],"version-history":[{"count":1,"href":"https:\/\/lrm67.com\/index.php\/wp-json\/wp\/v2\/posts\/40145\/revisions"}],"predecessor-version":[{"id":40147,"href":"https:\/\/lrm67.com\/index.php\/wp-json\/wp\/v2\/posts\/40145\/revisions\/40147"}],"wp:featuredmedia":[{"embeddable":true,"href":"https:\/\/lrm67.com\/index.php\/wp-json\/wp\/v2\/media\/40146"}],"wp:attachment":[{"href":"https:\/\/lrm67.com\/index.php\/wp-json\/wp\/v2\/media?parent=40145"}],"wp:term":[{"taxonomy":"category","embeddable":true,"href":"https:\/\/lrm67.com\/index.php\/wp-json\/wp\/v2\/categories?post=40145"},{"taxonomy":"post_tag","embeddable":true,"href":"https:\/\/lrm67.com\/index.php\/wp-json\/wp\/v2\/tags?post=40145"}],"curies":[{"name":"wp","href":"https:\/\/api.w.org\/{rel}","templated":true}]}}