{"id":39926,"date":"2025-11-08T15:03:14","date_gmt":"2025-11-08T18:03:14","guid":{"rendered":"https:\/\/lrm67.com\/?p=39926"},"modified":"2025-11-19T11:19:11","modified_gmt":"2025-11-19T14:19:11","slug":"defesa-civil-do-estado-alerta-para-tempestades-com-ventos-de-ate-115-km-h-no-litoral-norte","status":"publish","type":"post","link":"https:\/\/lrm67.com\/index.php\/2025\/11\/08\/defesa-civil-do-estado-alerta-para-tempestades-com-ventos-de-ate-115-km-h-no-litoral-norte\/","title":{"rendered":"Defesa Civil do Estado alerta para tempestades com ventos de at\u00e9 115 km\/h no Litoral Norte"},"content":{"rendered":"<p><em><strong>As rajadas previstas chamam aten\u00e7\u00e3o pela intensidade e podem causar danos, sobretudo em \u00e1reas urbanas e litor\u00e2neas. <\/strong><\/em><\/p>\n<p>&nbsp;<\/p>\n<p>A Defesa Civil do Estado de S\u00e3o Paulo emitiu na \u00faltima quinta-feira (6) alerta para a forma\u00e7\u00e3o de fortes tempestades no per\u00edodo entre esta sexta-feira (7) e s\u00e1bado (8) em raz\u00e3o da atua\u00e7\u00e3o de um ciclone extratropical na costa da Regi\u00e3o Sudeste. O sistema deve intensificar \u00e1reas de instabilidade e provocar chuvas intensas, rajadas de vento e possibilidade de granizo em diferentes regi\u00f5es do Estado.<\/p>\n<p>Com a combina\u00e7\u00e3o de calor pr\u00e9-frontal, avan\u00e7o de frente fria e circula\u00e7\u00e3o do ciclone extratropical, h\u00e1 condi\u00e7\u00f5es para tempestades severas, com destaque para granizo isolado, raios frequentes e rajadas de vento extremas, al\u00e9m de microexplos\u00f5es (downbursts) pontuais.<\/p>\n<h2 class=\"wp-block-heading\">Ventos intensos<\/h2>\n<p>As rajadas previstas chamam aten\u00e7\u00e3o pela intensidade e podem causar danos, sobretudo em \u00e1reas urbanas e litor\u00e2neas. A previs\u00e3o indica:<\/p>\n<ul class=\"wp-block-list\">\n<li><strong>115 km\/h no Litoral Norte;<\/strong><\/li>\n<li>110 km\/h na Baixada Santista, Vale do Ribeira e Regi\u00e3o de Itapeva;<\/li>\n<li>100 km\/h na Regi\u00e3o Metropolitana de S\u00e3o Paulo, Campinas, Sorocaba, Vale do Para\u00edba e Serra da Mantiqueira;<\/li>\n<li>95 km\/h nas regi\u00f5es de Presidente Prudente, Mar\u00edlia, Ara\u00e7atuba, S\u00e3o Jos\u00e9 do Rio Preto, Barretos, Franca, Ribeir\u00e3o Preto, Bauru e Araraquara.<\/li>\n<\/ul>\n<p>Rajadas acima de 70 km\/h j\u00e1 s\u00e3o suficientes para provocar quedas de \u00e1rvores, destelhamentos e interrup\u00e7\u00f5es de energia. Com velocidades acima de 100 km\/h, o risco de danos pontuais aumenta de forma significativa, exigindo aten\u00e7\u00e3o redobrada dos munic\u00edpios e da popula\u00e7\u00e3o.<\/p>\n<h2 class=\"wp-block-heading\">Acumulados de chuva<\/h2>\n<p>Segundo os meteorologistas da Defesa Civil, as chuvas tendem a ser fortes e r\u00e1pidas. Os acumulados previstos variam por regi\u00e3o:<\/p>\n<ul class=\"wp-block-list\">\n<li>M\u00e9dio acumulado: Regi\u00e3o Metropolitana da Capital, Vale do Ribeira, Itapeva, Vale do Para\u00edba, Serra da Mantiqueira, Baixada Santista e Litoral Norte;<\/li>\n<li>Alto acumulado : Ara\u00e7atuba, S\u00e3o Jos\u00e9 do Rio Preto, Barretos, Franca, Ribeir\u00e3o Preto, Bauru e Araraquara;<\/li>\n<li>Muito alto acumulado: Presidente Prudente e Mar\u00edlia.<\/li>\n<\/ul>\n<p>O cen\u00e1rio pode provocar alagamentos pontuais, enxurradas r\u00e1pidas e ocorr\u00eancias relacionadas \u00e0 instabilidade de encostas, especialmente em \u00e1reas de risco previamente mapeadas.<\/p>\n<h2 class=\"wp-block-heading\">Integra\u00e7\u00e3o com estados do Sul e Sudeste<\/h2>\n<p>Como a passagem do ciclone extratropical se desloca pelos estados do Sul em dire\u00e7\u00e3o a S\u00e3o Paulo, as Defesas Civis do Rio Grande do Sul, Santa Catarina, Paran\u00e1, S\u00e3o Paulo e Rio de Janeiro atuar\u00e3o de forma integrada. Durante a evolu\u00e7\u00e3o do sistema, os Centros de Monitoramento dos quatro \u00f3rg\u00e3os compartilhar\u00e3o informa\u00e7\u00f5es em tempo real para acompanhar o deslocamento do ciclone e seu comportamento em cada estado, aumentando a acur\u00e1cia das a\u00e7\u00f5es preventivas e de resposta.<\/p>\n<h2 class=\"wp-block-heading\">Gabinete de Crise mobilizado<\/h2>\n<p>Para garantir pronta resposta \u00e0s ocorr\u00eancias relacionadas \u00e0s tempestades, todo o Sistema Estadual de Defesa Civil estar\u00e1 em prontid\u00e3o, e a Defesa Civil mobilizar\u00e1 o Gabinete de Crise no s\u00e1bado (8) \u2014 dia com maior potencial de tempo severo no Estado. Institui\u00e7\u00f5es como o Corpo de Bombeiros, ARSESP, ARTESP, Fundo Social, SP \u00c1guas, Sabesp e concession\u00e1rias de energia e g\u00e1s estar\u00e3o reunidas no Centro de Gerenciamento de Emerg\u00eancias (CGE) da Defesa Civil estadual.<\/p>\n<h2 class=\"wp-block-heading\">Recomenda\u00e7\u00f5es \u00e0 popula\u00e7\u00e3o<\/h2>\n<ul class=\"wp-block-list\">\n<li>Evite \u00e1reas arborizadas e n\u00e3o estacione ve\u00edculos sob \u00e1rvores;<\/li>\n<li>Recolha objetos soltos em varandas e quintais;<\/li>\n<li>Durante tempestades com raios, evite \u00e1reas abertas, estruturas met\u00e1licas e contato com \u00e1gua;<\/li>\n<li>Nunca atravesse \u00e1reas alagadas;<\/li>\n<li>Se um fio energizado cair sobre o ve\u00edculo, permane\u00e7a dentro do carro e acione o Corpo de Bombeiros;<\/li>\n<li>Em caso de emerg\u00eancia, acione imediatamente a Defesa Civil (199) ou o Corpo de Bombeiros (193);<\/li>\n<li>Acompanhe atualiza\u00e7\u00f5es pelos canais oficiais e cadastre seu celular para receber alertas enviando o CEP por SMS para 40199.<\/li>\n<\/ul>\n","protected":false},"excerpt":{"rendered":"<p>As rajadas previstas chamam aten\u00e7\u00e3o pela intensidade e podem causar danos, sobretudo em \u00e1reas urbanas e litor\u00e2neas. &nbsp; A Defesa Civil do Estado de S\u00e3o Paulo emitiu na \u00faltima quinta-feira (6) alerta para a forma\u00e7\u00e3o de fortes tempestades no per\u00edodo entre esta sexta-feira (7) e s\u00e1bado (8) em raz\u00e3o da atua\u00e7\u00e3o de um ciclone extratropical [&hellip;]<\/p>\n","protected":false},"author":26,"featured_media":39927,"comment_status":"open","ping_status":"open","sticky":false,"template":"","format":"standard","meta":{"footnotes":""},"categories":[8,2,3,80,13,6,14],"tags":[],"class_list":["post-39926","post","type-post","status-publish","format-standard","has-post-thumbnail","hentry","category-caraguatatuba","category-geral","category-ilhabela","category-litoral-norte","category-sao-sebastiao","category-tempo","category-ubatuba"],"aioseo_notices":[],"_links":{"self":[{"href":"https:\/\/lrm67.com\/index.php\/wp-json\/wp\/v2\/posts\/39926","targetHints":{"allow":["GET"]}}],"collection":[{"href":"https:\/\/lrm67.com\/index.php\/wp-json\/wp\/v2\/posts"}],"about":[{"href":"https:\/\/lrm67.com\/index.php\/wp-json\/wp\/v2\/types\/post"}],"author":[{"embeddable":true,"href":"https:\/\/lrm67.com\/index.php\/wp-json\/wp\/v2\/users\/26"}],"replies":[{"embeddable":true,"href":"https:\/\/lrm67.com\/index.php\/wp-json\/wp\/v2\/comments?post=39926"}],"version-history":[{"count":2,"href":"https:\/\/lrm67.com\/index.php\/wp-json\/wp\/v2\/posts\/39926\/revisions"}],"predecessor-version":[{"id":40256,"href":"https:\/\/lrm67.com\/index.php\/wp-json\/wp\/v2\/posts\/39926\/revisions\/40256"}],"wp:featuredmedia":[{"embeddable":true,"href":"https:\/\/lrm67.com\/index.php\/wp-json\/wp\/v2\/media\/39927"}],"wp:attachment":[{"href":"https:\/\/lrm67.com\/index.php\/wp-json\/wp\/v2\/media?parent=39926"}],"wp:term":[{"taxonomy":"category","embeddable":true,"href":"https:\/\/lrm67.com\/index.php\/wp-json\/wp\/v2\/categories?post=39926"},{"taxonomy":"post_tag","embeddable":true,"href":"https:\/\/lrm67.com\/index.php\/wp-json\/wp\/v2\/tags?post=39926"}],"curies":[{"name":"wp","href":"https:\/\/api.w.org\/{rel}","templated":true}]}}