{"id":39006,"date":"2025-10-09T18:09:02","date_gmt":"2025-10-09T21:09:02","guid":{"rendered":"https:\/\/lrm67.com\/?p=39006"},"modified":"2025-10-09T18:09:02","modified_gmt":"2025-10-09T21:09:02","slug":"ubss-de-ilhabela-promovem-programacao-especial-do-outubro-rosa-com-atividades-gratuitas","status":"publish","type":"post","link":"https:\/\/lrm67.com\/index.php\/2025\/10\/09\/ubss-de-ilhabela-promovem-programacao-especial-do-outubro-rosa-com-atividades-gratuitas\/","title":{"rendered":"UBSs de Ilhabela promovem programa\u00e7\u00e3o especial do Outubro Rosa com atividades gratuitas"},"content":{"rendered":"<p>Durante todo o m\u00eas de outubro, as Unidades B\u00e1sicas de Sa\u00fade (UBSs) de Ilhabela promovem uma s\u00e9rie de a\u00e7\u00f5es voltadas \u00e0 preven\u00e7\u00e3o e ao cuidado com a sa\u00fade da mulher. As atividades integram a campanha Outubro Rosa, movimento internacional que refor\u00e7a a import\u00e2ncia do diagn\u00f3stico precoce do c\u00e2ncer de mama e do colo do \u00fatero.<\/p>\n<p>De acordo com a secret\u00e1ria de Sa\u00fade, L\u00facia Reale, o objetivo \u00e9 envolver a comunidade e ampliar o acesso aos servi\u00e7os preventivos.<\/p>\n<blockquote><p>\u201cO Outubro Rosa \u00e9 um momento de acolhimento, informa\u00e7\u00e3o e autocuidado. Queremos que as mulheres se sintam incentivadas a cuidar de si mesmas, realizando seus exames preventivos e participando das atividades oferecidas nas UBSs\u201d, destaca L\u00facia.<\/p><\/blockquote>\n<p>&nbsp;<\/p>\n<h2><strong>Programa\u00e7\u00e3o por unidade<\/strong><\/h2>\n<p><strong>UBS Itaquanduba \u2013 11 de outubro, das 8h30 \u00e0s 16h<\/strong><\/p>\n<p>A programa\u00e7\u00e3o inclui coleta de citologia onc\u00f3tica (Papanicolau) e avalia\u00e7\u00e3o das mamas com as enfermeiras Samira, Aline e Evelin. Al\u00e9m disso, a m\u00e9dica Dra. Nat\u00e1lia conduzir\u00e1 uma conversa sobre pol\u00edticas p\u00fablicas voltadas \u00e0s mulheres.<\/p>\n<p>Haver\u00e1 ainda uma roda de conversa com a psic\u00f3loga Ros\u00e2ngela, \u00e0s 13h30, e uma aula de zumba com a professora Kellen Gardel, \u00e0s 15h.<\/p>\n<p>A unidade tamb\u00e9m aguarda a confirma\u00e7\u00e3o do Fundo Social para oferecer servi\u00e7os de corte de cabelo e esmalta\u00e7\u00e3o.<\/p>\n<p><strong>UBS Perequ\u00ea \u2013 21 de outubro, a partir das 14h<\/strong><\/p>\n<p>A abertura oficial contar\u00e1 com a presen\u00e7a da enfermeira Gisele, que apresentar\u00e1 as a\u00e7\u00f5es e falar\u00e1 sobre a import\u00e2ncia do cuidado cont\u00ednuo com a sa\u00fade. Tamb\u00e9m est\u00e3o previstas rodas de conversa e oferta de servi\u00e7os preventivos pelos Agentes Comunit\u00e1rios de Sa\u00fade (ACSs) ao longo de todo o dia.<\/p>\n<p><strong>UBS Costa Norte \u2013 15 e 22 de outubro<\/strong><\/p>\n<p>No dia 15, a unidade promover\u00e1 um bingo para mulheres, \u00e0s 13h30. J\u00e1 no dia 22, das 14h \u00e0s 19h, ocorrer\u00e1 o tradicional \u201cBolo da Beleza\u201d, momento de confraterniza\u00e7\u00e3o e autocuidado entre as participantes.<\/p>\n<p><strong>UBS Vila \u2013 31 de outubro<\/strong><\/p>\n<p>Para encerrar o m\u00eas, a UBS da Vila oferecer\u00e1 coleta de Papanicolau, testes r\u00e1pidos, orienta\u00e7\u00f5es sobre sa\u00fade bucal com a Dra. Franciane, al\u00e9m de um bate-papo com a psic\u00f3loga Ros\u00e2ngela e a Dra. Priscilla. A assistente social Thais Maia tamb\u00e9m participar\u00e1 com orienta\u00e7\u00f5es voltadas \u00e0 sa\u00fade integral da mulher.<\/p>\n<p>Para a secret\u00e1ria L\u00facia Reale, a ades\u00e3o das unidades refor\u00e7a o compromisso da rede municipal com a promo\u00e7\u00e3o da sa\u00fade feminina.<\/p>\n<blockquote><p>\u201cNosso trabalho vai al\u00e9m da preven\u00e7\u00e3o ao c\u00e2ncer. \u00c9 sobre fortalecer o v\u00ednculo entre as mulheres e a aten\u00e7\u00e3o b\u00e1sica, garantindo cuidado integral e cont\u00ednuo\u201d, ressalta.<\/p><\/blockquote>\n<p>Todas as atividades s\u00e3o gratuitas e abertas ao p\u00fablico feminino. Para participar, basta comparecer \u00e0 UBS de refer\u00eancia no dia e hor\u00e1rio indicados.<\/p>\n","protected":false},"excerpt":{"rendered":"<p>Durante todo o m\u00eas de outubro, as Unidades B\u00e1sicas de Sa\u00fade (UBSs) de Ilhabela promovem uma s\u00e9rie de a\u00e7\u00f5es voltadas \u00e0 preven\u00e7\u00e3o e ao cuidado com a sa\u00fade da mulher. As atividades integram a campanha Outubro Rosa, movimento internacional que refor\u00e7a a import\u00e2ncia do diagn\u00f3stico precoce do c\u00e2ncer de mama e do colo do \u00fatero. [&hellip;]<\/p>\n","protected":false},"author":26,"featured_media":39002,"comment_status":"open","ping_status":"open","sticky":false,"template":"","format":"standard","meta":{"footnotes":""},"categories":[2,3,10],"tags":[33,255,383],"class_list":["post-39006","post","type-post","status-publish","format-standard","has-post-thumbnail","hentry","category-geral","category-ilhabela","category-saude","tag-ilhabela","tag-saude","tag-unidades-basicas-de-saude"],"aioseo_notices":[],"_links":{"self":[{"href":"https:\/\/lrm67.com\/index.php\/wp-json\/wp\/v2\/posts\/39006","targetHints":{"allow":["GET"]}}],"collection":[{"href":"https:\/\/lrm67.com\/index.php\/wp-json\/wp\/v2\/posts"}],"about":[{"href":"https:\/\/lrm67.com\/index.php\/wp-json\/wp\/v2\/types\/post"}],"author":[{"embeddable":true,"href":"https:\/\/lrm67.com\/index.php\/wp-json\/wp\/v2\/users\/26"}],"replies":[{"embeddable":true,"href":"https:\/\/lrm67.com\/index.php\/wp-json\/wp\/v2\/comments?post=39006"}],"version-history":[{"count":1,"href":"https:\/\/lrm67.com\/index.php\/wp-json\/wp\/v2\/posts\/39006\/revisions"}],"predecessor-version":[{"id":39007,"href":"https:\/\/lrm67.com\/index.php\/wp-json\/wp\/v2\/posts\/39006\/revisions\/39007"}],"wp:featuredmedia":[{"embeddable":true,"href":"https:\/\/lrm67.com\/index.php\/wp-json\/wp\/v2\/media\/39002"}],"wp:attachment":[{"href":"https:\/\/lrm67.com\/index.php\/wp-json\/wp\/v2\/media?parent=39006"}],"wp:term":[{"taxonomy":"category","embeddable":true,"href":"https:\/\/lrm67.com\/index.php\/wp-json\/wp\/v2\/categories?post=39006"},{"taxonomy":"post_tag","embeddable":true,"href":"https:\/\/lrm67.com\/index.php\/wp-json\/wp\/v2\/tags?post=39006"}],"curies":[{"name":"wp","href":"https:\/\/api.w.org\/{rel}","templated":true}]}}