{"id":38999,"date":"2025-10-09T18:05:25","date_gmt":"2025-10-09T21:05:25","guid":{"rendered":"https:\/\/lrm67.com\/?p=38999"},"modified":"2025-10-09T18:05:25","modified_gmt":"2025-10-09T21:05:25","slug":"centro-cultural-da-vila-recebe-exposicoes-artisticas-que-exaltam-a-natureza-de-ilhabela","status":"publish","type":"post","link":"https:\/\/lrm67.com\/index.php\/2025\/10\/09\/centro-cultural-da-vila-recebe-exposicoes-artisticas-que-exaltam-a-natureza-de-ilhabela\/","title":{"rendered":"Centro Cultural da Vila recebe exposi\u00e7\u00f5es art\u00edsticas que exaltam a natureza de Ilhabela"},"content":{"rendered":"<p>Ao longo do m\u00eas de outubro, a Funda\u00e7\u00e3o Arte e Cultura de Ilhabela (Fundaci) apresenta duas exposi\u00e7\u00f5es no Centro Cultural Waldemar Belis\u00e1rio, na Vila. As mostras re\u00fanem obras das artistas Marta Sadalla e Rosangela Capella, ambas inspiradas pela natureza exuberante e pela atmosfera criativa da ilha.<\/p>\n<p>Na exposi\u00e7\u00e3o \u201cCaminhos da Arte\u201d, Marta Sadalla apresenta 20 obras em t\u00e9cnica mista e acr\u00edlico sobre tela, que traduzem sua conex\u00e3o profunda com o ambiente natural. Graduada pela Faculdade de Belas Artes de S\u00e3o Paulo em 1992, a paulistana mudou-se para Ilhabela em 1999, onde encontrou, entre o mar e a mata, a inspira\u00e7\u00e3o para retratar em suas telas o brilho do sol e da lua, assim como o movimento das ondas e a leveza do vento.<\/p>\n<p>J\u00e1 Rosangela Capella, tamb\u00e9m paulistana e residente em Ilhabela desde 2000, exp\u00f5e uma cole\u00e7\u00e3o que valoriza a diversidade como tema e linguagem art\u00edstica. Formada em institui\u00e7\u00f5es como Faculdade Santa Marcelina, FGV, MUBE e Senac, a artista traz influ\u00eancias de mestres como Lole di Natale, Ubirajara Ribeiro, Ivani Ranieri e Magda Petrof. Em suas obras, as cores, formas e t\u00e9cnicas se misturam, revelando uma produ\u00e7\u00e3o marcada pela pluralidade e pela sensibilidade.<\/p>\n<p>As duas exposi\u00e7\u00f5es est\u00e3o abertas para visita\u00e7\u00e3o at\u00e9 o dia 2 de novembro, no Centro Cultural Waldemar Belis\u00e1rio, na Vila. A entrada \u00e9 gratuita.<\/p>\n","protected":false},"excerpt":{"rendered":"<p>Ao longo do m\u00eas de outubro, a Funda\u00e7\u00e3o Arte e Cultura de Ilhabela (Fundaci) apresenta duas exposi\u00e7\u00f5es no Centro Cultural Waldemar Belis\u00e1rio, na Vila. As mostras re\u00fanem obras das artistas Marta Sadalla e Rosangela Capella, ambas inspiradas pela natureza exuberante e pela atmosfera criativa da ilha. Na exposi\u00e7\u00e3o \u201cCaminhos da Arte\u201d, Marta Sadalla apresenta 20 [&hellip;]<\/p>\n","protected":false},"author":26,"featured_media":39000,"comment_status":"open","ping_status":"open","sticky":false,"template":"","format":"standard","meta":{"footnotes":""},"categories":[30,2,3],"tags":[227,382,33],"class_list":["post-38999","post","type-post","status-publish","format-standard","has-post-thumbnail","hentry","category-cultura","category-geral","category-ilhabela","tag-cultura","tag-fundacao-arte-e-cultura-de-ilhabela","tag-ilhabela"],"aioseo_notices":[],"_links":{"self":[{"href":"https:\/\/lrm67.com\/index.php\/wp-json\/wp\/v2\/posts\/38999","targetHints":{"allow":["GET"]}}],"collection":[{"href":"https:\/\/lrm67.com\/index.php\/wp-json\/wp\/v2\/posts"}],"about":[{"href":"https:\/\/lrm67.com\/index.php\/wp-json\/wp\/v2\/types\/post"}],"author":[{"embeddable":true,"href":"https:\/\/lrm67.com\/index.php\/wp-json\/wp\/v2\/users\/26"}],"replies":[{"embeddable":true,"href":"https:\/\/lrm67.com\/index.php\/wp-json\/wp\/v2\/comments?post=38999"}],"version-history":[{"count":1,"href":"https:\/\/lrm67.com\/index.php\/wp-json\/wp\/v2\/posts\/38999\/revisions"}],"predecessor-version":[{"id":39003,"href":"https:\/\/lrm67.com\/index.php\/wp-json\/wp\/v2\/posts\/38999\/revisions\/39003"}],"wp:featuredmedia":[{"embeddable":true,"href":"https:\/\/lrm67.com\/index.php\/wp-json\/wp\/v2\/media\/39000"}],"wp:attachment":[{"href":"https:\/\/lrm67.com\/index.php\/wp-json\/wp\/v2\/media?parent=38999"}],"wp:term":[{"taxonomy":"category","embeddable":true,"href":"https:\/\/lrm67.com\/index.php\/wp-json\/wp\/v2\/categories?post=38999"},{"taxonomy":"post_tag","embeddable":true,"href":"https:\/\/lrm67.com\/index.php\/wp-json\/wp\/v2\/tags?post=38999"}],"curies":[{"name":"wp","href":"https:\/\/api.w.org\/{rel}","templated":true}]}}