{"id":38986,"date":"2025-10-09T17:48:55","date_gmt":"2025-10-09T20:48:55","guid":{"rendered":"https:\/\/lrm67.com\/?p=38986"},"modified":"2025-10-09T17:48:55","modified_gmt":"2025-10-09T20:48:55","slug":"7a-etapa-do-ranking-paulista-da-classe-optimist-agita-praca-da-vela-neste-fim-de-semana","status":"publish","type":"post","link":"https:\/\/lrm67.com\/index.php\/2025\/10\/09\/7a-etapa-do-ranking-paulista-da-classe-optimist-agita-praca-da-vela-neste-fim-de-semana\/","title":{"rendered":"7\u00aa Etapa do Ranking Paulista da Classe Optimist agita Pra\u00e7a da Vela neste fim de semana"},"content":{"rendered":"<p>S\u00e3o Sebasti\u00e3o recebe a 7\u00aa Etapa do Ranking Paulista da Classe Optimist (OP), na faixa de areia em frente \u00e0 Pra\u00e7a da Vela, localizada no Porto Grande, na regi\u00e3o central. No s\u00e1bado (11\/10, a competi\u00e7\u00e3o inicia depois da inaugura\u00e7\u00e3o da nova sede da Escola de Vela de S\u00e3o Sebasti\u00e3o (EVSS), \u00e0s 12h. No domingo (12\/10), a prova come\u00e7a, a partir das 11h.<\/p>\n<p>Os velejadores que desejarem participar do evento devem contatar o n\u00famero de telefone: 12 99767-9556. J\u00e1 foram registradas cerca de 80 inscri\u00e7\u00f5es e as vagas para participantes seguem abertas at\u00e9 s\u00e1bado (11\/10), \u00e0s 11h.<\/p>\n<p>Os percursos ser\u00e3o montados ao norte do Terminal Mar\u00edtimo Almirante Barroso (p\u00eder da Transpetro).<\/p>\n<p>O evento \u00e9 organizado pela Federa\u00e7\u00e3o de Vela do Estado de S\u00e3o Paulo (FEVESP) e Classe Optimist de S\u00e3o Paulo (COSP), com apoio da Prefeitura de S\u00e3o Sebasti\u00e3o, por meio da Secretaria de Esportes (Seesp).<\/p>\n<p>Al\u00e9m da Classe Optimist, a etapa ter\u00e1 ainda as classes, Dingue e ILCA 4, 6 e 7. A premia\u00e7\u00e3o contar\u00e1 com trof\u00e9us e medalhas para os primeiros colocados das respectivas categorias. As regatas do Ranking Paulista da Classe Optimist 2025 tem por objetivo definir os atletas que ir\u00e3o representar o Estado no Campeonato Brasileiro da classe.<\/p>\n<p>A Flotilha da Escola de Vela de S\u00e3o Sebasti\u00e3o (EVSS), coordenada pelos professores Marcus Vin\u00edcius Soares Silva, Ari Lobo e Rafael Mendes, segue treinando para chegar com possibilidades de subir no p\u00f3dio em diversas categorias.<\/p>\n<blockquote><p>\u201cO esporte n\u00e1utico faz parte da identidade de S\u00e3o Sebasti\u00e3o, e sediar mais uma etapa do Ranking Paulista da Classe Optimist \u00e9 motivo de grande orgulho para todos n\u00f3s\u201d, destacou o secret\u00e1rio de Esportes, Ubiratan Mour\u00e3o.<\/p><\/blockquote>\n<p>De acordo com Frank Const\u00e2ncio, chefe de Divis\u00e3o de Esportes N\u00e1uticos da Secretaria de Esportes da Prefeitura S\u00e3o Sebasti\u00e3o, o objetivo de S\u00e3o Sebasti\u00e3o em sediar essa competi\u00e7\u00e3o \u00e9 valorizar os atletas e as regatas de vela no munic\u00edpio.<\/p>\n<blockquote><p>\u201cEssa \u00e9 uma grande oportunidade para os amantes dos esportes n\u00e1uticos vivenciarem de perto essa cultura das embarca\u00e7\u00f5es \u00e0 vela. Nossa cidade tem uma voca\u00e7\u00e3o n\u00e1utica evidente com o potencial para realizar eventos de alta qualidade e fomentar essa modalidade que s\u00f3 tem crescido cada vez mais&#8221;, complementou Frank.<\/p><\/blockquote>\n<p>A classe Optimist \u00e9 a porta de entrada dos jovens velejadores no mundo das competi\u00e7\u00f5es de Vela. Ele \u00e9 recomendado para crian\u00e7as de 7 a 15 anos com, no m\u00e1ximo, 60 kg. O Optimist \u00e9 um veleiro, um pequeno barco monotipo de bolina, podendo ser de madeira ou fibra de vidro. O criador da embarca\u00e7\u00e3o foi Clark Mills, desenhista e construtor de barcos nativo dos Estados Unidos, em 1947. Por ser seguro, bastante est\u00e1vel e barato, o Optimist \u00e9 uma das classes mais difundidas do planeta.<\/p>\n<p>&nbsp;<\/p>\n<h2>Inaugura\u00e7\u00e3o da Escola de Vela<\/h2>\n<p>A Prefeitura de S\u00e3o Sebasti\u00e3o, por meio das secretarias de Obras (Seo), Servi\u00e7os P\u00fablicos (Sesep) e Esportes (Seesp), entrega as obras da nova sede da Escola de Vela de S\u00e3o Sebasti\u00e3o (EVSS), no dia 11 de outubro (s\u00e1bado), a partir das 9h.<\/p>\n<p>Esse \u00e9 um pedido antigo dos alunos, pais e professores que ser\u00e1 atendido para valorizar o esporte e o espa\u00e7o da pra\u00e7a. O local \u00e9 considerado um dos melhores locais para a pr\u00e1tica de vela no pa\u00eds, pois se encontra em um ponto privilegiado entre o Canal de S\u00e3o Sebasti\u00e3o e Ilhabela.<\/p>\n<p>Para alocar a Escola de Vela, que atualmente fica no Balne\u00e1rio dos Trabalhadores, na Praia Grande, foi constru\u00eddo um galp\u00e3o para guardar as embarca\u00e7\u00f5es e materiais do projeto. Al\u00e9m disso, foi executada a reforma dos banheiros, vesti\u00e1rios e da sala de servi\u00e7o administrativo da EVSS. O espa\u00e7o fica localizado no bairro Porto Grande, na regi\u00e3o central do munic\u00edpio.<\/p>\n","protected":false},"excerpt":{"rendered":"<p>S\u00e3o Sebasti\u00e3o recebe a 7\u00aa Etapa do Ranking Paulista da Classe Optimist (OP), na faixa de areia em frente \u00e0 Pra\u00e7a da Vela, localizada no Porto Grande, na regi\u00e3o central. No s\u00e1bado (11\/10, a competi\u00e7\u00e3o inicia depois da inaugura\u00e7\u00e3o da nova sede da Escola de Vela de S\u00e3o Sebasti\u00e3o (EVSS), \u00e0s 12h. No domingo (12\/10), [&hellip;]<\/p>\n","protected":false},"author":26,"featured_media":38990,"comment_status":"open","ping_status":"open","sticky":false,"template":"","format":"standard","meta":{"footnotes":""},"categories":[11,12,13],"tags":[252,132,22],"class_list":["post-38986","post","type-post","status-publish","format-standard","has-post-thumbnail","hentry","category-esportes","category-eventos","category-sao-sebastiao","tag-esportes","tag-eventos","tag-sao-sebastiao"],"aioseo_notices":[],"_links":{"self":[{"href":"https:\/\/lrm67.com\/index.php\/wp-json\/wp\/v2\/posts\/38986","targetHints":{"allow":["GET"]}}],"collection":[{"href":"https:\/\/lrm67.com\/index.php\/wp-json\/wp\/v2\/posts"}],"about":[{"href":"https:\/\/lrm67.com\/index.php\/wp-json\/wp\/v2\/types\/post"}],"author":[{"embeddable":true,"href":"https:\/\/lrm67.com\/index.php\/wp-json\/wp\/v2\/users\/26"}],"replies":[{"embeddable":true,"href":"https:\/\/lrm67.com\/index.php\/wp-json\/wp\/v2\/comments?post=38986"}],"version-history":[{"count":1,"href":"https:\/\/lrm67.com\/index.php\/wp-json\/wp\/v2\/posts\/38986\/revisions"}],"predecessor-version":[{"id":38991,"href":"https:\/\/lrm67.com\/index.php\/wp-json\/wp\/v2\/posts\/38986\/revisions\/38991"}],"wp:featuredmedia":[{"embeddable":true,"href":"https:\/\/lrm67.com\/index.php\/wp-json\/wp\/v2\/media\/38990"}],"wp:attachment":[{"href":"https:\/\/lrm67.com\/index.php\/wp-json\/wp\/v2\/media?parent=38986"}],"wp:term":[{"taxonomy":"category","embeddable":true,"href":"https:\/\/lrm67.com\/index.php\/wp-json\/wp\/v2\/categories?post=38986"},{"taxonomy":"post_tag","embeddable":true,"href":"https:\/\/lrm67.com\/index.php\/wp-json\/wp\/v2\/tags?post=38986"}],"curies":[{"name":"wp","href":"https:\/\/api.w.org\/{rel}","templated":true}]}}