{"id":38426,"date":"2025-09-25T17:29:12","date_gmt":"2025-09-25T20:29:12","guid":{"rendered":"https:\/\/lrm67.com\/?p=38426"},"modified":"2025-09-25T17:29:12","modified_gmt":"2025-09-25T20:29:12","slug":"festa-das-nacoes-comeca-nesta-sexta-feira-em-caraguatatuba-com-gastronomia-e-solidariedade","status":"publish","type":"post","link":"https:\/\/lrm67.com\/index.php\/2025\/09\/25\/festa-das-nacoes-comeca-nesta-sexta-feira-em-caraguatatuba-com-gastronomia-e-solidariedade\/","title":{"rendered":"Festa das Na\u00e7\u00f5es come\u00e7a nesta sexta-feira em Caraguatatuba com gastronomia e solidariedade"},"content":{"rendered":"<p><span style=\"font-weight: 400;\">A tradicional Festa das Na\u00e7\u00f5es em Caraguatatuba come\u00e7a nesta sexta-feira (26). A 3\u00aa edi\u00e7\u00e3o do evento tem entrada gratuita e ser\u00e1 realizada na Pra\u00e7a da Cultura, no Centro. Organizada pela Associa\u00e7\u00e3o Comercial e Empresarial de Caraguatatuba (ACEC), a festa re\u00fane gastronomia, cultura e solidariedade entre os dias 26 e 28 de setembro (sexta a domingo).\u00a0<\/span><\/p>\n<p><span style=\"font-weight: 400;\">Mais do que um evento gastron\u00f4mico, a festa tamb\u00e9m tem car\u00e1ter social. Toda a renda arrecadada com a venda dos produtos das barracas ser\u00e1 revertida para institui\u00e7\u00f5es e entidades do munic\u00edpio, que desenvolvem trabalhos voltados \u00e0 promo\u00e7\u00e3o da dignidade humana, a capacita\u00e7\u00e3o profissional, a gera\u00e7\u00e3o de renda para pessoas em situa\u00e7\u00e3o de vulnerabilidade social e o acolhimento de animais.<\/span><\/p>\n<p><span style=\"font-weight: 400;\">S\u00e3o 17 institui\u00e7\u00f5es que atuam em Caraguatatuba no evento, que v\u00e3o representar 13 pa\u00edses com suas comidas t\u00edpicas. A Associa\u00e7\u00e3o de Pais e Amigos dos Excepcionais (APAE) ficar\u00e1 com a Inglaterra, a Associa\u00e7\u00e3o de Combate ao C\u00e2ncer com os doces t\u00edpicos do Brasil, e a Casa Beija Flor e o Instituto Surf\u00e9 representar\u00e3o os Estados Unidos. O Fundo Social de Caraguatatuba ser\u00e1 respons\u00e1vel pela barraca do M\u00e9xico.<\/span><\/p>\n<p><span style=\"font-weight: 400;\">A Casa da Amizade ficar\u00e1 com a China, enquanto o Centro Esp\u00edrita Bezerra de Menezes e os Patrulheiros do Rei representar\u00e3o a It\u00e1lia. A Fran\u00e7a ser\u00e1 representada pelo Conselho de Pastores de Caraguatatuba, a Comunidade Terap\u00eautica Luz do Caminho com a culin\u00e1ria nordestina do Brasil, e a Fraternidade Maria Meira ficar\u00e1 com a Argentina.<\/span><\/p>\n<p><span style=\"font-weight: 400;\">O Lions Club representar\u00e1 o L\u00edbano, o Movimento de Amor ao Pr\u00f3ximo ir\u00e1 promover \u00e0 culin\u00e1ria de Portugal, e a Par\u00f3quia Santa Terezinha a gastronomia mineira do Brasil. O Rotary Caraguatatuba Poiares ficar\u00e1 com a Alemanha, o S.O.S Pet Caragu\u00e1 com o Jap\u00e3o, e a Tenda de Umbanda Caboclo Risca Fogo representar\u00e1 a Su\u00ed\u00e7a.<\/span><\/p>\n<p><span style=\"font-weight: 400;\">Al\u00e9m da culin\u00e1ria diversificada, a Festa das Na\u00e7\u00f5es contar\u00e1 com apresenta\u00e7\u00f5es culturais, m\u00fasica e dan\u00e7a que celebram diferentes povos e tradi\u00e7\u00f5es.<\/span><b>\u00a0<\/b><\/p>\n<p>&nbsp;<\/p>\n<p><b>Dia 26 de setembro (sexta-feira) \u2013 das 18h \u00e0s 0h:<\/b><\/p>\n<p><span style=\"font-weight: 400;\">20h &#8211; Abertura Oficial<\/span><\/p>\n<p><span style=\"font-weight: 400;\">20h30 &#8211; Apresenta\u00e7\u00e3o de ballet da Escola de Bailados<\/span><\/p>\n<p><span style=\"font-weight: 400;\">21h \u2013 Apresenta\u00e7\u00e3o musical da Raiane Pires<\/span><\/p>\n<p><b>Dia 27 de setembro (s\u00e1bado) \u2013 das 12h \u00e0s 0h:<\/b><\/p>\n<p><span style=\"font-weight: 400;\">13h &#8211; Apresenta\u00e7\u00e3o musical do Michael Douglas\u00a0<\/span><\/p>\n<p><span style=\"font-weight: 400;\">16h &#8211; Kung Fu &#8211; Academia Fu Long<\/span><\/p>\n<p><span style=\"font-weight: 400;\">20h20 &#8211; Dan\u00e7a de sal\u00e3o (merengue) com Ana Claudia Lacerda<\/span><\/p>\n<p><span style=\"font-weight: 400;\">20h30 &#8211; Dan\u00e7a do ventre com Ana Paula Sobra<\/span><\/p>\n<p><span style=\"font-weight: 400;\">20h50 &#8211; Dan\u00e7a de sal\u00e3o (tango) com Ana Claudia Lacerda<\/span><\/p>\n<p><span style=\"font-weight: 400;\">21h00 &#8211; Apresenta\u00e7\u00e3o musical do Evy Oliver &amp; Amigos<\/span><\/p>\n<p><b>Dia 28 de setembro (domingo) \u2013 das 12h \u00e0s 21h<\/b><\/p>\n<p><span style=\"font-weight: 400;\">13h &#8211; Apresenta\u00e7\u00e3o musical de Cidreira Acoustic<\/span><\/p>\n<p><span style=\"font-weight: 400;\">14h &#8211; Dan\u00e7a havaiana com Renata Marson<\/span><\/p>\n<p><span style=\"font-weight: 400;\">15h &#8211; Banda Conex\u00e3o Central<\/span><\/p>\n<p><span style=\"font-weight: 400;\">18h &#8211; Apresenta\u00e7\u00e3o musical do Zirinho da Bahia<\/span><\/p>\n<p><span style=\"font-weight: 400;\">20h &#8211; K-Pop com Paloma Morimoto<\/span><\/p>\n<p><span style=\"font-weight: 400;\">20h20 &#8211; Dan\u00e7a cigana estilo cigano \u00e1rabe com Viviana Ribeiro<\/span><\/p>\n<p>&nbsp;<\/p>\n<h2><b>M\u00e9xico<\/b><\/h2>\n<p><span style=\"font-weight: 400;\">Com a responsabilidade de atuar na barraca do M\u00e9xico, o Fundo Social vai oferecer pratos t\u00edpicos do pa\u00eds como burrito, chili, nachos, arroz doce, bolo de pote de chocolate com pimenta e paleta mexicana. Entre as op\u00e7\u00f5es de bebidas, o Fundo Social vai ofertar drinques preparados com tequila e marguerita \u2013 todos produzidos a partir de bebidas alco\u00f3licas doadas \u00e0 institui\u00e7\u00e3o.<\/span><\/p>\n<p>&nbsp;<\/p>\n<p><b>Servi\u00e7o<\/b><\/p>\n<p><b>Evento:<\/b><span style=\"font-weight: 400;\">\u00a0Festa das Na\u00e7\u00f5es<\/span><\/p>\n<p><b>Data:<\/b><span style=\"font-weight: 400;\">\u00a026, 27 e 28 de setembro de 2025<\/span><\/p>\n<p><b>Hor\u00e1rio:<\/b><span style=\"font-weight: 400;\">\u00a0Sexta-feira das 18h \u00e0s 0h, s\u00e1bado das 12h \u00e0s 0h e domingo das 12h \u00e0s 21h<\/span><\/p>\n<p><b>Local:<\/b><span style=\"font-weight: 400;\">\u00a0Pra\u00e7a da Cultura \u2013 Av. Dr. Arthur da Costa Filho, 25 \u2013 Centro<\/span><\/p>\n<p>&nbsp;<\/p>\n<pre>Foto: Divulga\u00e7\u00e3o\/PMC<\/pre>\n","protected":false},"excerpt":{"rendered":"<p>A tradicional Festa das Na\u00e7\u00f5es em Caraguatatuba come\u00e7a nesta sexta-feira (26). A 3\u00aa edi\u00e7\u00e3o do evento tem entrada gratuita e ser\u00e1 realizada na Pra\u00e7a da Cultura, no Centro. Organizada pela Associa\u00e7\u00e3o Comercial e Empresarial de Caraguatatuba (ACEC), a festa re\u00fane gastronomia, cultura e solidariedade entre os dias 26 e 28 de setembro (sexta a domingo).\u00a0 [&hellip;]<\/p>\n","protected":false},"author":26,"featured_media":38427,"comment_status":"open","ping_status":"open","sticky":false,"template":"","format":"standard","meta":{"footnotes":""},"categories":[8,30,12,48],"tags":[17,227,132,303],"class_list":["post-38426","post","type-post","status-publish","format-standard","has-post-thumbnail","hentry","category-caraguatatuba","category-cultura","category-eventos","category-publieditorial","tag-caraguatatuba","tag-cultura","tag-eventos","tag-publieditorial"],"aioseo_notices":[],"_links":{"self":[{"href":"https:\/\/lrm67.com\/index.php\/wp-json\/wp\/v2\/posts\/38426","targetHints":{"allow":["GET"]}}],"collection":[{"href":"https:\/\/lrm67.com\/index.php\/wp-json\/wp\/v2\/posts"}],"about":[{"href":"https:\/\/lrm67.com\/index.php\/wp-json\/wp\/v2\/types\/post"}],"author":[{"embeddable":true,"href":"https:\/\/lrm67.com\/index.php\/wp-json\/wp\/v2\/users\/26"}],"replies":[{"embeddable":true,"href":"https:\/\/lrm67.com\/index.php\/wp-json\/wp\/v2\/comments?post=38426"}],"version-history":[{"count":1,"href":"https:\/\/lrm67.com\/index.php\/wp-json\/wp\/v2\/posts\/38426\/revisions"}],"predecessor-version":[{"id":38428,"href":"https:\/\/lrm67.com\/index.php\/wp-json\/wp\/v2\/posts\/38426\/revisions\/38428"}],"wp:featuredmedia":[{"embeddable":true,"href":"https:\/\/lrm67.com\/index.php\/wp-json\/wp\/v2\/media\/38427"}],"wp:attachment":[{"href":"https:\/\/lrm67.com\/index.php\/wp-json\/wp\/v2\/media?parent=38426"}],"wp:term":[{"taxonomy":"category","embeddable":true,"href":"https:\/\/lrm67.com\/index.php\/wp-json\/wp\/v2\/categories?post=38426"},{"taxonomy":"post_tag","embeddable":true,"href":"https:\/\/lrm67.com\/index.php\/wp-json\/wp\/v2\/tags?post=38426"}],"curies":[{"name":"wp","href":"https:\/\/api.w.org\/{rel}","templated":true}]}}