{"id":38396,"date":"2025-09-24T19:05:23","date_gmt":"2025-09-24T22:05:23","guid":{"rendered":"https:\/\/lrm67.com\/?p=38396"},"modified":"2025-09-24T19:06:52","modified_gmt":"2025-09-24T22:06:52","slug":"caraguatatuba-realiza-audiencias-publicas-sobre-plano-de-contingencia-da-defesa-civil-em-outubro","status":"publish","type":"post","link":"https:\/\/lrm67.com\/index.php\/2025\/09\/24\/caraguatatuba-realiza-audiencias-publicas-sobre-plano-de-contingencia-da-defesa-civil-em-outubro\/","title":{"rendered":"Caraguatatuba realiza audi\u00eancias p\u00fablicas sobre Plano de Conting\u00eancia da Defesa Civil em outubro"},"content":{"rendered":"<p><span style=\"font-weight: 400;\">Saber o que fazer diante de emerg\u00eancias e desastres causados por eventos geol\u00f3gicos e hidrol\u00f3gicos, garantir a seguran\u00e7a da popula\u00e7\u00e3o, minimizar danos e agilizar o retorno \u00e0 normalidade s\u00e3o os objetivos do Plano de Conting\u00eancia da Defesa Civil (Plancon), em qualquer munic\u00edpio.<\/span><\/p>\n<p><span style=\"font-weight: 400;\">O Plancon \u00e9 previsto na Lei 12.608, de 2012, \u00e9 um plano operacional de responsabilidade do munic\u00edpio voltado para a prepara\u00e7\u00e3o de desastres mediante a defini\u00e7\u00e3o de um cen\u00e1rio de risco local com a participa\u00e7\u00e3o comunit\u00e1ria.<\/span><\/p>\n<p><span style=\"font-weight: 400;\">Nesse sentido, a Secretaria de Seguran\u00e7a P\u00fablica e Mobilidade Urbana e Defesa Civil promovem nos dias 2, 9 e 23 de outubro, no Jaraguazinho, Morro do Algod\u00e3o e Casa Branca, respectivamente, Audi\u00eancias P\u00fablicas do Plancon. As reuni\u00f5es foram agendadas nos bairros de maior risco de deslizamentos (Jaraguazinho e Casa Branca) e alagamentos (Morro do Algod\u00e3o).\u00a0<\/span><\/p>\n<p><span style=\"font-weight: 400;\">No Plano de Conting\u00eancia s\u00e3o definidos cen\u00e1rios de risco (\u00e1reas com popula\u00e7\u00e3o vulner\u00e1vel a eventos como inunda\u00e7\u00f5es, enxurradas, deslizamentos, entre outros), recursos humanos dispon\u00edveis (m\u00e9dicos, assist\u00eancia social, engenharia, pessoal de apoio, etc.), recursos materiais dispon\u00edveis (caminh\u00f5es, escavadeiras, barcos, m\u00e1quinas diversas e ambul\u00e2ncias); \u00e1reas de abrigamento (gin\u00e1sios, escolas e parques); e respons\u00e1veis pelos acionamentos dos recursos e demais procedimentos que propiciem, a partir do cen\u00e1rio identificado, as tomadas de decis\u00f5es necess\u00e1rias.<\/span><\/p>\n<p><span style=\"font-weight: 400;\">A gest\u00e3o de riscos de desastres est\u00e1 alinhada com a Estrat\u00e9gia Internacional de Redu\u00e7\u00e3o de Desastres (EIRD), da Organiza\u00e7\u00e3o das Na\u00e7\u00f5es Unidas (ONU), e com o Marco de Sendai, acordo norteador que estabelece diretrizes para a redu\u00e7\u00e3o do risco de desastres.<\/span><\/p>\n<p>&nbsp;<\/p>\n<p><b>Programa\u00e7\u00e3o<\/b><\/p>\n<p><span style=\"font-weight: 400;\">Dia 2\/10 &#8211; 19h &#8211; EMEF Prof. Jorge passos, Rua Osiel Eg\u00eddio de Farias, s\/n, bairro Jaraguazinho.<\/span><\/p>\n<p><span style=\"font-weight: 400;\">Dia 9\/10 &#8211; 19h &#8211; na EMEF Prof. Carlos Altero Ortega, Rua Sete, 15, bairro Morro do Algod\u00e3o.<\/span><\/p>\n<p><span style=\"font-weight: 400;\">Dia 23\/10 &#8211; 19h &#8211; EMEF Prof. Luiz Silvar do Prado, Rua Jos\u00e9 Pedro de Oliveira Barbosa, 805, bairro Casa Branca.<\/span><\/p>\n<p>&nbsp;<\/p>\n<pre>Foto: Lu\u00eds Gava\/PMC<\/pre>\n","protected":false},"excerpt":{"rendered":"<p>Saber o que fazer diante de emerg\u00eancias e desastres causados por eventos geol\u00f3gicos e hidrol\u00f3gicos, garantir a seguran\u00e7a da popula\u00e7\u00e3o, minimizar danos e agilizar o retorno \u00e0 normalidade s\u00e3o os objetivos do Plano de Conting\u00eancia da Defesa Civil (Plancon), em qualquer munic\u00edpio. O Plancon \u00e9 previsto na Lei 12.608, de 2012, \u00e9 um plano operacional [&hellip;]<\/p>\n","protected":false},"author":26,"featured_media":38397,"comment_status":"open","ping_status":"open","sticky":false,"template":"","format":"standard","meta":{"footnotes":""},"categories":[8,2,48,21],"tags":[17,321,303,322,263],"class_list":["post-38396","post","type-post","status-publish","format-standard","has-post-thumbnail","hentry","category-caraguatatuba","category-geral","category-publieditorial","category-seguranca","tag-caraguatatuba","tag-plano-de-contingencia-da-defesa-civil","tag-publieditorial","tag-secretaria-de-seguranca-publica-e-mobilidade-urbana-e-defesa-civil","tag-seguranca"],"aioseo_notices":[],"_links":{"self":[{"href":"https:\/\/lrm67.com\/index.php\/wp-json\/wp\/v2\/posts\/38396","targetHints":{"allow":["GET"]}}],"collection":[{"href":"https:\/\/lrm67.com\/index.php\/wp-json\/wp\/v2\/posts"}],"about":[{"href":"https:\/\/lrm67.com\/index.php\/wp-json\/wp\/v2\/types\/post"}],"author":[{"embeddable":true,"href":"https:\/\/lrm67.com\/index.php\/wp-json\/wp\/v2\/users\/26"}],"replies":[{"embeddable":true,"href":"https:\/\/lrm67.com\/index.php\/wp-json\/wp\/v2\/comments?post=38396"}],"version-history":[{"count":3,"href":"https:\/\/lrm67.com\/index.php\/wp-json\/wp\/v2\/posts\/38396\/revisions"}],"predecessor-version":[{"id":38400,"href":"https:\/\/lrm67.com\/index.php\/wp-json\/wp\/v2\/posts\/38396\/revisions\/38400"}],"wp:featuredmedia":[{"embeddable":true,"href":"https:\/\/lrm67.com\/index.php\/wp-json\/wp\/v2\/media\/38397"}],"wp:attachment":[{"href":"https:\/\/lrm67.com\/index.php\/wp-json\/wp\/v2\/media?parent=38396"}],"wp:term":[{"taxonomy":"category","embeddable":true,"href":"https:\/\/lrm67.com\/index.php\/wp-json\/wp\/v2\/categories?post=38396"},{"taxonomy":"post_tag","embeddable":true,"href":"https:\/\/lrm67.com\/index.php\/wp-json\/wp\/v2\/tags?post=38396"}],"curies":[{"name":"wp","href":"https:\/\/api.w.org\/{rel}","templated":true}]}}