{"id":38391,"date":"2025-09-24T17:53:26","date_gmt":"2025-09-24T20:53:26","guid":{"rendered":"https:\/\/lrm67.com\/?p=38391"},"modified":"2025-09-24T17:53:26","modified_gmt":"2025-09-24T20:53:26","slug":"diretores-de-ilhabela-se-reunem-para-alinhar-preparativos-para-provas-do-saresp-saeb-e-fluencia-leitora","status":"publish","type":"post","link":"https:\/\/lrm67.com\/index.php\/2025\/09\/24\/diretores-de-ilhabela-se-reunem-para-alinhar-preparativos-para-provas-do-saresp-saeb-e-fluencia-leitora\/","title":{"rendered":"Diretores de Ilhabela se re\u00fanem para alinhar preparativos para provas do Saresp, Saeb e Flu\u00eancia Leitora"},"content":{"rendered":"<p>Os diretores respons\u00e1veis pelos Anos Iniciais (2\u00ba e 5\u00ba anos) do Ensino Fundamental da rede municipal de Ilhabela participaram, nesta quarta-feira (24\/9), de um encontro para discutir os alinhamentos e os preparativos para as provas do Saresp (Sistema de Avalia\u00e7\u00e3o de Rendimento Escolar do Estado de S\u00e3o Paulo), Saeb (Sistema de Avalia\u00e7\u00e3o da Educa\u00e7\u00e3o B\u00e1sica) e Flu\u00eancia Leitora.<\/p>\n<p>O objetivo da reuni\u00e3o foi garantir uma organiza\u00e7\u00e3o eficaz para a aplica\u00e7\u00e3o das avalia\u00e7\u00f5es, previstas para novembro, al\u00e9m de refor\u00e7ar a import\u00e2ncia dos exames na constru\u00e7\u00e3o de indicadores que orientam a qualidade da educa\u00e7\u00e3o.<\/p>\n<p>As avalia\u00e7\u00f5es t\u00eam papel fundamental no diagn\u00f3stico da aprendizagem, oferecendo subs\u00eddios para aprimorar pr\u00e1ticas pedag\u00f3gicas; fortalecer a forma\u00e7\u00e3o continuada dos professores; apoiar o planejamento escolar; e implementar a\u00e7\u00f5es de recupera\u00e7\u00e3o e aprofundamento.<\/p>\n<p>As provas do Saresp ser\u00e3o realizadas entre 20 e 31 de outubro, enquanto o Saresp em 18 de novembro. A prova da Flu\u00eancia Leitora ainda ser\u00e1 agendada.<\/p>\n<p>Segundo a Secretaria de Educa\u00e7\u00e3o, a participa\u00e7\u00e3o dos diretores \u00e9 estrat\u00e9gica para assegurar que os alunos estejam preparados e que os resultados reflitam, de forma transparente, o desempenho da rede municipal de ensino.<\/p>\n","protected":false},"excerpt":{"rendered":"<p>Os diretores respons\u00e1veis pelos Anos Iniciais (2\u00ba e 5\u00ba anos) do Ensino Fundamental da rede municipal de Ilhabela participaram, nesta quarta-feira (24\/9), de um encontro para discutir os alinhamentos e os preparativos para as provas do Saresp (Sistema de Avalia\u00e7\u00e3o de Rendimento Escolar do Estado de S\u00e3o Paulo), Saeb (Sistema de Avalia\u00e7\u00e3o da Educa\u00e7\u00e3o B\u00e1sica) [&hellip;]<\/p>\n","protected":false},"author":26,"featured_media":38388,"comment_status":"open","ping_status":"open","sticky":false,"template":"","format":"standard","meta":{"footnotes":""},"categories":[19,2,3],"tags":[],"class_list":["post-38391","post","type-post","status-publish","format-standard","has-post-thumbnail","hentry","category-educacao","category-geral","category-ilhabela"],"aioseo_notices":[],"_links":{"self":[{"href":"https:\/\/lrm67.com\/index.php\/wp-json\/wp\/v2\/posts\/38391","targetHints":{"allow":["GET"]}}],"collection":[{"href":"https:\/\/lrm67.com\/index.php\/wp-json\/wp\/v2\/posts"}],"about":[{"href":"https:\/\/lrm67.com\/index.php\/wp-json\/wp\/v2\/types\/post"}],"author":[{"embeddable":true,"href":"https:\/\/lrm67.com\/index.php\/wp-json\/wp\/v2\/users\/26"}],"replies":[{"embeddable":true,"href":"https:\/\/lrm67.com\/index.php\/wp-json\/wp\/v2\/comments?post=38391"}],"version-history":[{"count":1,"href":"https:\/\/lrm67.com\/index.php\/wp-json\/wp\/v2\/posts\/38391\/revisions"}],"predecessor-version":[{"id":38392,"href":"https:\/\/lrm67.com\/index.php\/wp-json\/wp\/v2\/posts\/38391\/revisions\/38392"}],"wp:featuredmedia":[{"embeddable":true,"href":"https:\/\/lrm67.com\/index.php\/wp-json\/wp\/v2\/media\/38388"}],"wp:attachment":[{"href":"https:\/\/lrm67.com\/index.php\/wp-json\/wp\/v2\/media?parent=38391"}],"wp:term":[{"taxonomy":"category","embeddable":true,"href":"https:\/\/lrm67.com\/index.php\/wp-json\/wp\/v2\/categories?post=38391"},{"taxonomy":"post_tag","embeddable":true,"href":"https:\/\/lrm67.com\/index.php\/wp-json\/wp\/v2\/tags?post=38391"}],"curies":[{"name":"wp","href":"https:\/\/api.w.org\/{rel}","templated":true}]}}