{"id":38370,"date":"2025-09-24T17:41:02","date_gmt":"2025-09-24T20:41:02","guid":{"rendered":"https:\/\/lrm67.com\/?p=38370"},"modified":"2025-09-24T21:21:33","modified_gmt":"2025-09-25T00:21:33","slug":"sao-sebastiao-aprova-criacao-da-taxa-de-preservacao-ambiental","status":"publish","type":"post","link":"https:\/\/lrm67.com\/index.php\/2025\/09\/24\/sao-sebastiao-aprova-criacao-da-taxa-de-preservacao-ambiental\/","title":{"rendered":"S\u00e3o Sebasti\u00e3o aprova cria\u00e7\u00e3o da Taxa de Preserva\u00e7\u00e3o Ambiental"},"content":{"rendered":"<p><strong>Henrique Martins<\/strong><\/p>\n<p>&nbsp;<\/p>\n<p>A C\u00e2mara Municipal de S\u00e3o Sebasti\u00e3o aprovou por unanimidade, nesta ter\u00e7a-feira (23), o Projeto de Lei Complementar n\u00ba 6\/2025, de autoria do prefeito Reinaldinho Moreira, que institui a <strong>Taxa de Preserva\u00e7\u00e3o Ambiental (TPA).<\/strong> A proposta ainda passar\u00e1 por uma segunda vota\u00e7\u00e3o no dia 30 de setembro. Caso seja novamente aprovada, segue para san\u00e7\u00e3o do Executivo.<\/p>\n<p>A TPA tem como objetivo mitigar os impactos provocados pelo elevado fluxo de ve\u00edculos automotores, especialmente durante a alta temporada, quando a cidade litor\u00e2nea recebe milhares de turistas. O projeto aponta que essa movimenta\u00e7\u00e3o sobrecarrega os servi\u00e7os de limpeza urbana, gest\u00e3o de res\u00edduos s\u00f3lidos e infraestrutura tur\u00edstica. A nova taxa pretende custear esses servi\u00e7os p\u00fablicos, espec\u00edficos e divis\u00edveis, assegurando equil\u00edbrio entre turismo e preserva\u00e7\u00e3o ambiental.<\/p>\n<p>&nbsp;<\/p>\n<h2><strong>Valores da taxa por tipo de ve\u00edculo<\/strong><\/h2>\n<p>A cobran\u00e7a ser\u00e1 feita por dia, por ve\u00edculo, tendo como base o tipo e o potencial poluidor do autom\u00f3vel. Os valores propostos s\u00e3o:<\/p>\n<ul>\n<li><strong>Motocicletas, motonetas, triciclos e quadriciclos: R$ 5,25<\/strong><\/li>\n<li><strong>Autom\u00f3veis: R$ 20,00<\/strong><\/li>\n<li><strong>Caminhonetes: R$ 24,80<\/strong><\/li>\n<li><strong>Vans e micro-\u00f4nibus: R$ 64,40<\/strong><\/li>\n<li><strong>\u00d4nibus: R$ 119,25<\/strong><\/li>\n<li><strong>Caminh\u00f5es: R$ 143,10<\/strong><\/li>\n<\/ul>\n<p>A taxa ser\u00e1 devida em raz\u00e3o da entrada e\/ou perman\u00eancia no munic\u00edpio, sendo lan\u00e7ada uma \u00fanica vez por dia, independentemente do n\u00famero de deslocamentos. O propriet\u00e1rio do ve\u00edculo ser\u00e1 o respons\u00e1vel tribut\u00e1rio no momento do lan\u00e7amento da taxa.<\/p>\n<p>&nbsp;<\/p>\n<h2><strong>Isen\u00e7\u00f5es e controle<\/strong><\/h2>\n<p>Est\u00e3o automaticamente isentos da TPA ve\u00edculos licenciados em S\u00e3o Sebasti\u00e3o, Caraguatatuba, Ilhabela, Ubatuba e Bertioga, al\u00e9m daqueles que entrarem na cidade apenas em passagem r\u00e1pida (por at\u00e9 duas horas). Outras isen\u00e7\u00f5es poder\u00e3o ser concedidas mediante cadastro e comprova\u00e7\u00e3o, como ve\u00edculos de \u00f3rg\u00e3os p\u00fablicos, de servi\u00e7os essenciais e de transporte de pessoas com defici\u00eancia.<\/p>\n<p>A arrecada\u00e7\u00e3o poder\u00e1 ser feita diretamente pelo munic\u00edpio ou por empresas terceirizadas, com exig\u00eancia de presta\u00e7\u00e3o de contas, transpar\u00eancia e respeito \u00e0 Lei Geral de Prote\u00e7\u00e3o de Dados. A regulamenta\u00e7\u00e3o da lei deve ocorrer em at\u00e9 90 dias e ser\u00e1 submetida \u00e0 consulta p\u00fablica com prazo m\u00ednimo de 15 dias.<\/p>\n<p>A cobran\u00e7a s\u00f3 poder\u00e1 ter in\u00edcio ap\u00f3s a regulamenta\u00e7\u00e3o, implanta\u00e7\u00e3o do sistema eletr\u00f4nico de gest\u00e3o e, no m\u00ednimo, 90 dias ap\u00f3s a publica\u00e7\u00e3o da lei.<\/p>\n<p>&nbsp;<\/p>\n<p><strong>Imagem: Luciano Vieira | CMSS<\/strong><\/p>\n","protected":false},"excerpt":{"rendered":"<p>Henrique Martins &nbsp; A C\u00e2mara Municipal de S\u00e3o Sebasti\u00e3o aprovou por unanimidade, nesta ter\u00e7a-feira (23), o Projeto de Lei Complementar n\u00ba 6\/2025, de autoria do prefeito Reinaldinho Moreira, que institui a Taxa de Preserva\u00e7\u00e3o Ambiental (TPA). A proposta ainda passar\u00e1 por uma segunda vota\u00e7\u00e3o no dia 30 de setembro. Caso seja novamente aprovada, segue para [&hellip;]<\/p>\n","protected":false},"author":26,"featured_media":38366,"comment_status":"open","ping_status":"open","sticky":false,"template":"","format":"standard","meta":{"footnotes":""},"categories":[18,16,13],"tags":[23,114,22],"class_list":["post-38370","post","type-post","status-publish","format-standard","has-post-thumbnail","hentry","category-meio-ambiente","category-politica","category-sao-sebastiao","tag-meio-ambiente","tag-politica","tag-sao-sebastiao"],"aioseo_notices":[],"_links":{"self":[{"href":"https:\/\/lrm67.com\/index.php\/wp-json\/wp\/v2\/posts\/38370","targetHints":{"allow":["GET"]}}],"collection":[{"href":"https:\/\/lrm67.com\/index.php\/wp-json\/wp\/v2\/posts"}],"about":[{"href":"https:\/\/lrm67.com\/index.php\/wp-json\/wp\/v2\/types\/post"}],"author":[{"embeddable":true,"href":"https:\/\/lrm67.com\/index.php\/wp-json\/wp\/v2\/users\/26"}],"replies":[{"embeddable":true,"href":"https:\/\/lrm67.com\/index.php\/wp-json\/wp\/v2\/comments?post=38370"}],"version-history":[{"count":1,"href":"https:\/\/lrm67.com\/index.php\/wp-json\/wp\/v2\/posts\/38370\/revisions"}],"predecessor-version":[{"id":38371,"href":"https:\/\/lrm67.com\/index.php\/wp-json\/wp\/v2\/posts\/38370\/revisions\/38371"}],"wp:featuredmedia":[{"embeddable":true,"href":"https:\/\/lrm67.com\/index.php\/wp-json\/wp\/v2\/media\/38366"}],"wp:attachment":[{"href":"https:\/\/lrm67.com\/index.php\/wp-json\/wp\/v2\/media?parent=38370"}],"wp:term":[{"taxonomy":"category","embeddable":true,"href":"https:\/\/lrm67.com\/index.php\/wp-json\/wp\/v2\/categories?post=38370"},{"taxonomy":"post_tag","embeddable":true,"href":"https:\/\/lrm67.com\/index.php\/wp-json\/wp\/v2\/tags?post=38370"}],"curies":[{"name":"wp","href":"https:\/\/api.w.org\/{rel}","templated":true}]}}