{"id":38339,"date":"2025-09-23T18:23:23","date_gmt":"2025-09-23T21:23:23","guid":{"rendered":"https:\/\/lrm67.com\/?p=38339"},"modified":"2025-09-23T18:23:23","modified_gmt":"2025-09-23T21:23:23","slug":"audiencia-publica-aborda-metas-fiscais-do-2o-quadrimestre-de-2025-de-caraguatatuba-nesta-quinta-feira-no-legislativo","status":"publish","type":"post","link":"https:\/\/lrm67.com\/index.php\/2025\/09\/23\/audiencia-publica-aborda-metas-fiscais-do-2o-quadrimestre-de-2025-de-caraguatatuba-nesta-quinta-feira-no-legislativo\/","title":{"rendered":"Audi\u00eancia p\u00fablica aborda metas fiscais do 2\u00ba quadrimestre de 2025 de Caraguatatuba nesta quinta-feira no Legislativo"},"content":{"rendered":"<p><span style=\"font-weight: 400;\">O Relat\u00f3rio de Avalia\u00e7\u00e3o do Cumprimento das Metas Fiscais do 2\u00ba quadrimestre de 2025 ser\u00e1 apresentado na pr\u00f3xima quinta-feira (25\/9), \u00e0s 10h, na C\u00e2mara de Caraguatatuba, no Centro.\u00a0<\/span><\/p>\n<p><span style=\"font-weight: 400;\">T\u00e9cnicos da Secretaria da Fazenda demonstram a execu\u00e7\u00e3o das receitas previstas e despesas do or\u00e7amento municipal nos meses de maio, junho, julho e agosto para os membros da Comiss\u00e3o Permanente de Finan\u00e7as, Or\u00e7amentos, Obras e Servi\u00e7os P\u00fablicos do Legislativo, vereadores e p\u00fablico presente.<\/span><\/p>\n<p><span style=\"font-weight: 400;\">A audi\u00eancia pode ser acompanhada pelo canal da\u00a0<\/span><a href=\"https:\/\/www.youtube.com\/@tvcamaracaraguatatuba\"><span style=\"font-weight: 400;\">TV C\u00e2mara Caraguatatuba<\/span><\/a><span style=\"font-weight: 400;\">\u00a0no YouTube (<\/span><a href=\"https:\/\/www.youtube.com\/@tvcamaracaraguatatuba\"><span style=\"font-weight: 400;\">https:\/\/www.youtube.com\/@tvcamaracaraguatatuba<\/span><\/a><span style=\"font-weight: 400;\">) e pelo site\u00a0<\/span><a href=\"https:\/\/www.camaracaragua.sp.gov.br\/\"><span style=\"font-weight: 400;\">https:\/\/www.camaracaragua.sp.gov.br\/<\/span><\/a><span style=\"font-weight: 400;\">.<\/span><\/p>\n<p><img fetchpriority=\"high\" decoding=\"async\" class=\"alignnone size-full wp-image-38340\" src=\"https:\/\/lrm67.com\/wp-content\/uploads\/2025\/09\/54808123095_be1dbeb135_b.jpg\" alt=\"\" width=\"1024\" height=\"683\" srcset=\"https:\/\/lrm67.com\/wp-content\/uploads\/2025\/09\/54808123095_be1dbeb135_b.jpg 1024w, https:\/\/lrm67.com\/wp-content\/uploads\/2025\/09\/54808123095_be1dbeb135_b-300x200.jpg 300w, https:\/\/lrm67.com\/wp-content\/uploads\/2025\/09\/54808123095_be1dbeb135_b-768x512.jpg 768w\" sizes=\"(max-width: 1024px) 100vw, 1024px\" \/><\/p>\n<p><span style=\"font-weight: 400;\">O relat\u00f3rio atende a uma determina\u00e7\u00e3o Artigo 9\u00ba (\u00a7 4\u00ba) da Lei de Responsabilidade Fiscal (Lei Complementar 101\/2000), que estabelece que at\u00e9 o final dos meses de maio, setembro e fevereiro, o Poder Executivo demonstrar\u00e1 e avaliar\u00e1 o cumprimento das metas fiscais de cada quadrimestre, em audi\u00eancia p\u00fablica nas Casas Legislativas estaduais e municipais, bem como uma recomenda\u00e7\u00e3o do Tribunal de Contas do Estado de S\u00e3o Paulo (TCE\/SP).<\/span><\/p>\n<p><span style=\"font-weight: 400;\">A C\u00e2mara Municipal fica na Av. Frei Pac\u00edfico Wagner, 830 \u2013 Centro. O telefone \u00e9 o (12) 3897-2525.<\/span><\/p>\n","protected":false},"excerpt":{"rendered":"<p>O Relat\u00f3rio de Avalia\u00e7\u00e3o do Cumprimento das Metas Fiscais do 2\u00ba quadrimestre de 2025 ser\u00e1 apresentado na pr\u00f3xima quinta-feira (25\/9), \u00e0s 10h, na C\u00e2mara de Caraguatatuba, no Centro.\u00a0 T\u00e9cnicos da Secretaria da Fazenda demonstram a execu\u00e7\u00e3o das receitas previstas e despesas do or\u00e7amento municipal nos meses de maio, junho, julho e agosto para os membros [&hellip;]<\/p>\n","protected":false},"author":26,"featured_media":38341,"comment_status":"open","ping_status":"open","sticky":false,"template":"","format":"standard","meta":{"footnotes":""},"categories":[8,16,48],"tags":[17,114,303],"class_list":["post-38339","post","type-post","status-publish","format-standard","has-post-thumbnail","hentry","category-caraguatatuba","category-politica","category-publieditorial","tag-caraguatatuba","tag-politica","tag-publieditorial"],"aioseo_notices":[],"_links":{"self":[{"href":"https:\/\/lrm67.com\/index.php\/wp-json\/wp\/v2\/posts\/38339","targetHints":{"allow":["GET"]}}],"collection":[{"href":"https:\/\/lrm67.com\/index.php\/wp-json\/wp\/v2\/posts"}],"about":[{"href":"https:\/\/lrm67.com\/index.php\/wp-json\/wp\/v2\/types\/post"}],"author":[{"embeddable":true,"href":"https:\/\/lrm67.com\/index.php\/wp-json\/wp\/v2\/users\/26"}],"replies":[{"embeddable":true,"href":"https:\/\/lrm67.com\/index.php\/wp-json\/wp\/v2\/comments?post=38339"}],"version-history":[{"count":1,"href":"https:\/\/lrm67.com\/index.php\/wp-json\/wp\/v2\/posts\/38339\/revisions"}],"predecessor-version":[{"id":38342,"href":"https:\/\/lrm67.com\/index.php\/wp-json\/wp\/v2\/posts\/38339\/revisions\/38342"}],"wp:featuredmedia":[{"embeddable":true,"href":"https:\/\/lrm67.com\/index.php\/wp-json\/wp\/v2\/media\/38341"}],"wp:attachment":[{"href":"https:\/\/lrm67.com\/index.php\/wp-json\/wp\/v2\/media?parent=38339"}],"wp:term":[{"taxonomy":"category","embeddable":true,"href":"https:\/\/lrm67.com\/index.php\/wp-json\/wp\/v2\/categories?post=38339"},{"taxonomy":"post_tag","embeddable":true,"href":"https:\/\/lrm67.com\/index.php\/wp-json\/wp\/v2\/tags?post=38339"}],"curies":[{"name":"wp","href":"https:\/\/api.w.org\/{rel}","templated":true}]}}