{"id":38324,"date":"2025-09-23T17:59:30","date_gmt":"2025-09-23T20:59:30","guid":{"rendered":"https:\/\/lrm67.com\/?p=38324"},"modified":"2025-09-23T17:59:30","modified_gmt":"2025-09-23T20:59:30","slug":"prefeitura-de-ilhabela-segue-com-inscricoes-abertas-em-processo-seletivo-para-guarda-vidas","status":"publish","type":"post","link":"https:\/\/lrm67.com\/index.php\/2025\/09\/23\/prefeitura-de-ilhabela-segue-com-inscricoes-abertas-em-processo-seletivo-para-guarda-vidas\/","title":{"rendered":"Prefeitura de Ilhabela segue com inscri\u00e7\u00f5es abertas em processo seletivo para guarda-vidas"},"content":{"rendered":"<p>A Prefeitura de Ilhabela, por meio da Secretaria de Mobilidade e Seguran\u00e7a, informa que as inscri\u00e7\u00f5es do Processo Seletivo de Guarda-Vidas por Tempo Determinado (Ver\u00e3o 2025\/2026) seguem abertas at\u00e9 o dia 16 de outubro. O objetivo do certame \u00e9 preencher 20 vagas imediatas e criar cadastro reserva, conforme o edital n\u00ba 01\/2025, que est\u00e1 dispon\u00edvel em: <a href=\"https:\/\/www.ilhabela.sp.gov.br\/portal\/editais\/0\/3\/4413\/\">https:\/\/www.ilhabela.sp.gov.br\/portal\/editais\/0\/3\/4413\/<\/a>.<\/p>\n<p>Para o prefeito Toninho Colucci, \u201ca seguran\u00e7a dos nossos cidad\u00e3os e turistas \u00e9 uma das prioridades da nossa gest\u00e3o. O processo seletivo vai refor\u00e7ar a seguran\u00e7a e o bem-estar dos frequentadores das praias de Ilhabela, um dos destinos tur\u00edsticos mais procurados do Brasil, especialmente durante a temporada de ver\u00e3o\u201d.<\/p>\n<h2><strong>Como se inscrever<\/strong><\/h2>\n<p>A inscri\u00e7\u00e3o pode ser feita de forma <strong>on-line<\/strong> pelo <a href=\"https:\/\/forms.gle\/DvY8VW9Zs1GF8yHy8\">link de inscri\u00e7\u00e3o<\/a>, ou de forma <strong>presencial<\/strong> nos seguintes locais:<\/p>\n<p><strong>Esta\u00e7\u00e3o de Bombeiro de Ilhabela<\/strong><br \/>\n<strong>Endere\u00e7o:\u00a0<\/strong>Avenida Professor Malaquias de Oliveira Freitas, n\u00ba 284 \u2013 Barra Velha \u2013 Ilhabela\/SP<br \/>\n<strong>Hor\u00e1rio de atendimento:\u00a0<\/strong>das 8h \u00e0s 17h, todos os dias<\/p>\n<p><strong>3\u00ba Subgrupamento de Bombeiros Mar\u00edtimos (Caraguatatuba)<\/strong><br \/>\n<strong>Endere\u00e7o:<\/strong>\u00a0Avenida Jos\u00e9 Herculano, n\u00ba 7495 \u2013 Travess\u00e3o \u2013 Caraguatatuba\/SP<br \/>\n<strong>Hor\u00e1rio:<\/strong>\u00a0das 8h \u00e0s 17h, todos os dias<\/p>\n<p><strong>Posto de Bombeiros (S\u00e3o Sebasti\u00e3o)<\/strong><br \/>\n<strong>Endere\u00e7o:\u00a0<\/strong>Avenida Guarda Mor Lobo Viana, n\u00ba 1111 \u2013 Centro \u2013 S\u00e3o Sebasti\u00e3o\/SP<br \/>\n<strong>Hor\u00e1rio:<\/strong>\u00a0das 8h \u00e0s 17h, todos os dias<\/p>\n<p><strong>Posto de Bombeiros Mar\u00edtimo (Maresias)<\/strong><br \/>\n<strong>Endere\u00e7o:\u00a0<\/strong>Avenida Francisco Loup, n\u00ba 631, S\u00e3o Sebasti\u00e3o\/SP<br \/>\n<strong>Hor\u00e1rio:<\/strong>\u00a08h \u00e0s 17h, todos os dias<\/p>\n<p>Os candidatos ser\u00e3o avaliados por <strong>prova pr\u00e1tica<\/strong>, que inclui testes de aptid\u00e3o f\u00edsica (corrida e nata\u00e7\u00e3o).<\/p>\n<h2><strong>A prova<\/strong><\/h2>\n<p>Os candidatos passar\u00e3o por avalia\u00e7\u00e3o te\u00f3rica e pr\u00e1tica, al\u00e9m de exame de aptid\u00e3o f\u00edsica, no dia 16 de outubro de 2025<strong>, <\/strong>no Polo de Educa\u00e7\u00e3o Integrada de Ilhabela.<\/p>\n<p>Tamb\u00e9m ser\u00e1 exigida comprova\u00e7\u00e3o de ensino fundamental completo, idade m\u00ednima de 18 anos e hist\u00f3rico de boa conduta (sem dispensa por justa causa em sele\u00e7\u00f5es anteriores).<\/p>\n<h2><strong>O curso<\/strong><\/h2>\n<p>Os aprovados participar\u00e3o de curso de forma\u00e7\u00e3o ministrado pelo Corpo de Bombeiros, de 20 de outubro a 7 de novembro de 2025, no Posto de Bombeiros de Ilhabela. A forma\u00e7\u00e3o inclui treinamentos t\u00e9cnicos, avalia\u00e7\u00f5es pr\u00e1ticas, te\u00f3ricas e de comportamento.<\/p>\n<h2><strong>Sal\u00e1rio e benef\u00edcios<\/strong><\/h2>\n<p>De acordo com edital, a remunera\u00e7\u00e3o estabelecida \u00e9 de R$ 3.025,87, al\u00e9m de benef\u00edcios como vale-transporte e vale-refei\u00e7\u00e3o.<\/p>\n<p>O per\u00edodo da contrata\u00e7\u00e3o ter\u00e1 in\u00edcio em 19 de novembro de 2025 e t\u00e9rmino previsto em 17 de mar\u00e7o de 2026, totalizando 120 dias.<\/p>\n","protected":false},"excerpt":{"rendered":"<p>A Prefeitura de Ilhabela, por meio da Secretaria de Mobilidade e Seguran\u00e7a, informa que as inscri\u00e7\u00f5es do Processo Seletivo de Guarda-Vidas por Tempo Determinado (Ver\u00e3o 2025\/2026) seguem abertas at\u00e9 o dia 16 de outubro. O objetivo do certame \u00e9 preencher 20 vagas imediatas e criar cadastro reserva, conforme o edital n\u00ba 01\/2025, que est\u00e1 dispon\u00edvel [&hellip;]<\/p>\n","protected":false},"author":26,"featured_media":38329,"comment_status":"open","ping_status":"open","sticky":false,"template":"","format":"standard","meta":{"footnotes":""},"categories":[49,2,3],"tags":[259,33,311,253,315],"class_list":["post-38324","post","type-post","status-publish","format-standard","has-post-thumbnail","hentry","category-emprego","category-geral","category-ilhabela","tag-emprego","tag-ilhabela","tag-oportunidade","tag-prefeitura-de-ilhabela","tag-secretaria-de-mobilidade-e-seguranca"],"aioseo_notices":[],"_links":{"self":[{"href":"https:\/\/lrm67.com\/index.php\/wp-json\/wp\/v2\/posts\/38324","targetHints":{"allow":["GET"]}}],"collection":[{"href":"https:\/\/lrm67.com\/index.php\/wp-json\/wp\/v2\/posts"}],"about":[{"href":"https:\/\/lrm67.com\/index.php\/wp-json\/wp\/v2\/types\/post"}],"author":[{"embeddable":true,"href":"https:\/\/lrm67.com\/index.php\/wp-json\/wp\/v2\/users\/26"}],"replies":[{"embeddable":true,"href":"https:\/\/lrm67.com\/index.php\/wp-json\/wp\/v2\/comments?post=38324"}],"version-history":[{"count":1,"href":"https:\/\/lrm67.com\/index.php\/wp-json\/wp\/v2\/posts\/38324\/revisions"}],"predecessor-version":[{"id":38330,"href":"https:\/\/lrm67.com\/index.php\/wp-json\/wp\/v2\/posts\/38324\/revisions\/38330"}],"wp:featuredmedia":[{"embeddable":true,"href":"https:\/\/lrm67.com\/index.php\/wp-json\/wp\/v2\/media\/38329"}],"wp:attachment":[{"href":"https:\/\/lrm67.com\/index.php\/wp-json\/wp\/v2\/media?parent=38324"}],"wp:term":[{"taxonomy":"category","embeddable":true,"href":"https:\/\/lrm67.com\/index.php\/wp-json\/wp\/v2\/categories?post=38324"},{"taxonomy":"post_tag","embeddable":true,"href":"https:\/\/lrm67.com\/index.php\/wp-json\/wp\/v2\/tags?post=38324"}],"curies":[{"name":"wp","href":"https:\/\/api.w.org\/{rel}","templated":true}]}}