{"id":38279,"date":"2025-09-22T08:00:45","date_gmt":"2025-09-22T11:00:45","guid":{"rendered":"https:\/\/lrm67.com\/?p=38279"},"modified":"2025-09-22T18:06:42","modified_gmt":"2025-09-22T21:06:42","slug":"sao-sebastiao-avanca-em-seguranca-publica-em-novo-programa-em-parceria-com-muralha-paulista","status":"publish","type":"post","link":"https:\/\/lrm67.com\/index.php\/2025\/09\/22\/sao-sebastiao-avanca-em-seguranca-publica-em-novo-programa-em-parceria-com-muralha-paulista\/","title":{"rendered":"S\u00e3o Sebasti\u00e3o avan\u00e7a em seguran\u00e7a p\u00fablica em novo programa em parceria com \u2018Muralha Paulista\u2019"},"content":{"rendered":"<p>A seguran\u00e7a p\u00fablica \u00e9 prioridade para a atual gest\u00e3o municipal, e S\u00e3o Sebasti\u00e3o d\u00e1 mais um passo importante para ampliar o combate \u00e0 criminalidade. Seguindo o planejamento estrat\u00e9gico, a Prefeitura est\u00e1 avan\u00e7ando com as negocia\u00e7\u00f5es para a implanta\u00e7\u00e3o de c\u00e2meras inteligentes de reconhecimento facial em pontos estrat\u00e9gicos da cidade.<\/p>\n<p>Na sexta-feira (19), o prefeito Reinaldinho Moreira recebeu em seu gabinete Guilherme Nicolino, assessor militar da Secretaria de Seguran\u00e7a P\u00fablica de S\u00e3o Paulo, respons\u00e1vel pelo Programa Muralha Paulista no Litoral Norte e Vale do Para\u00edba.<\/p>\n<p>A reuni\u00e3o contou tamb\u00e9m com a presen\u00e7a do comandante da Pol\u00edcia Municipal Andr\u00e9 Maciel; do presidente da C\u00e2mara, vereador Edgar Celestino; do secret\u00e1rio de Seguran\u00e7a Urbana (Segur), Rafael Nascimento; do capit\u00e3o da Pol\u00edcia Militar, Adriano Diniz; e de Rodrigo Drygala, diretor do Centro de Opera\u00e7\u00f5es Integradas (COI).<\/p>\n<p>O Muralha Paulista \u00e9 um programa do Governo do Estado de S\u00e3o Paulo que visa combater a criminalidade atrav\u00e9s da integra\u00e7\u00e3o de sistemas de monitoramento e intelig\u00eancia, como c\u00e2meras e leitura de placas veiculares, de prefeituras, resid\u00eancias e com\u00e9rcios, unindo-os a um banco de dados estadual e a \u00f3rg\u00e3os policiais para identificar e agir contra foragidos e ve\u00edculos roubados em tempo real.<\/p>\n<p>Em S\u00e3o Sebasti\u00e3o, o trabalho j\u00e1 \u00e9 realizado pelo COI, que monitora placas de ve\u00edculos e c\u00e2meras instaladas em pontos estrat\u00e9gicos da cidade. Com a ades\u00e3o ao programa, o munic\u00edpio ampliar\u00e1 essa estrutura para criar uma verdadeira \u201cmuralha\u201d de vigil\u00e2ncia, capaz de controlar a mobilidade criminal e aumentar a efic\u00e1cia das a\u00e7\u00f5es policiais.<\/p>\n<p><img fetchpriority=\"high\" decoding=\"async\" class=\"alignnone size-full wp-image-38280\" src=\"https:\/\/lrm67.com\/wp-content\/uploads\/2025\/09\/WhatsApp-Image-2025-09-22-at-16.59.01.jpeg\" alt=\"\" width=\"1535\" height=\"1181\" srcset=\"https:\/\/lrm67.com\/wp-content\/uploads\/2025\/09\/WhatsApp-Image-2025-09-22-at-16.59.01.jpeg 1535w, https:\/\/lrm67.com\/wp-content\/uploads\/2025\/09\/WhatsApp-Image-2025-09-22-at-16.59.01-300x231.jpeg 300w, https:\/\/lrm67.com\/wp-content\/uploads\/2025\/09\/WhatsApp-Image-2025-09-22-at-16.59.01-1024x788.jpeg 1024w, https:\/\/lrm67.com\/wp-content\/uploads\/2025\/09\/WhatsApp-Image-2025-09-22-at-16.59.01-768x591.jpeg 768w\" sizes=\"(max-width: 1535px) 100vw, 1535px\" \/><\/p>\n<p>A nova tecnologia trar\u00e1 recursos ainda mais avan\u00e7ados, como o reconhecimento facial, al\u00e9m de possibilitar que os policiais municipais utilizem o sistema diretamente em seus celulares durante as ocorr\u00eancias, garantindo resposta mais \u00e1gil e eficiente. Como parte de seu plano de governo, alinhada com a pol\u00edtica de toler\u00e2ncia zero contra a criminalidade, a administra\u00e7\u00e3o municipal segue trabalhando e buscando a ado\u00e7\u00e3o de ferramentas modernas, como o monitoramento com reconhecimento facial e sistemas integrados de an\u00e1lise de dados para aumentar a efici\u00eancia e seguran\u00e7a.<\/p>\n<p>O prefeito Reinaldinho Moreira destacou que a parceria com o Estado e a ades\u00e3o ao Muralha Paulista refor\u00e7am o compromisso da gest\u00e3o em proteger a popula\u00e7\u00e3o.<\/p>\n<blockquote><p>\u201cS\u00e3o Sebasti\u00e3o n\u00e3o vai tolerar a criminalidade. Estamos implantando novas tecnologias, fortalecendo nossa seguran\u00e7a urbana e alinhando nosso munic\u00edpio \u00e0s pol\u00edticas modernas do Estado. O cidad\u00e3o precisa se sentir protegido, e nossa prioridade \u00e9 garantir que isso aconte\u00e7a\u201d, destacou o prefeito.<\/p><\/blockquote>\n<p>Com a integra\u00e7\u00e3o ao Muralha Paulista e o investimento em c\u00e2meras inteligentes, S\u00e3o Sebasti\u00e3o segue avan\u00e7ando com a\u00e7\u00f5es eficientes contra a criminalidade na cidade.<\/p>\n<p><img decoding=\"async\" class=\"alignnone size-full wp-image-38283\" src=\"https:\/\/lrm67.com\/wp-content\/uploads\/2025\/09\/WhatsApp-Image-2025-09-22-at-16.59.00-1.jpeg\" alt=\"\" width=\"1600\" height=\"1000\" srcset=\"https:\/\/lrm67.com\/wp-content\/uploads\/2025\/09\/WhatsApp-Image-2025-09-22-at-16.59.00-1.jpeg 1600w, https:\/\/lrm67.com\/wp-content\/uploads\/2025\/09\/WhatsApp-Image-2025-09-22-at-16.59.00-1-300x188.jpeg 300w, https:\/\/lrm67.com\/wp-content\/uploads\/2025\/09\/WhatsApp-Image-2025-09-22-at-16.59.00-1-1024x640.jpeg 1024w, https:\/\/lrm67.com\/wp-content\/uploads\/2025\/09\/WhatsApp-Image-2025-09-22-at-16.59.00-1-768x480.jpeg 768w, https:\/\/lrm67.com\/wp-content\/uploads\/2025\/09\/WhatsApp-Image-2025-09-22-at-16.59.00-1-1536x960.jpeg 1536w\" sizes=\"(max-width: 1600px) 100vw, 1600px\" \/><\/p>\n","protected":false},"excerpt":{"rendered":"<p>A seguran\u00e7a p\u00fablica \u00e9 prioridade para a atual gest\u00e3o municipal, e S\u00e3o Sebasti\u00e3o d\u00e1 mais um passo importante para ampliar o combate \u00e0 criminalidade. Seguindo o planejamento estrat\u00e9gico, a Prefeitura est\u00e1 avan\u00e7ando com as negocia\u00e7\u00f5es para a implanta\u00e7\u00e3o de c\u00e2meras inteligentes de reconhecimento facial em pontos estrat\u00e9gicos da cidade. Na sexta-feira (19), o prefeito Reinaldinho [&hellip;]<\/p>\n","protected":false},"author":26,"featured_media":38284,"comment_status":"open","ping_status":"open","sticky":false,"template":"","format":"standard","meta":{"footnotes":""},"categories":[16,13,21],"tags":[],"class_list":["post-38279","post","type-post","status-publish","format-standard","has-post-thumbnail","hentry","category-politica","category-sao-sebastiao","category-seguranca"],"aioseo_notices":[],"_links":{"self":[{"href":"https:\/\/lrm67.com\/index.php\/wp-json\/wp\/v2\/posts\/38279","targetHints":{"allow":["GET"]}}],"collection":[{"href":"https:\/\/lrm67.com\/index.php\/wp-json\/wp\/v2\/posts"}],"about":[{"href":"https:\/\/lrm67.com\/index.php\/wp-json\/wp\/v2\/types\/post"}],"author":[{"embeddable":true,"href":"https:\/\/lrm67.com\/index.php\/wp-json\/wp\/v2\/users\/26"}],"replies":[{"embeddable":true,"href":"https:\/\/lrm67.com\/index.php\/wp-json\/wp\/v2\/comments?post=38279"}],"version-history":[{"count":1,"href":"https:\/\/lrm67.com\/index.php\/wp-json\/wp\/v2\/posts\/38279\/revisions"}],"predecessor-version":[{"id":38285,"href":"https:\/\/lrm67.com\/index.php\/wp-json\/wp\/v2\/posts\/38279\/revisions\/38285"}],"wp:featuredmedia":[{"embeddable":true,"href":"https:\/\/lrm67.com\/index.php\/wp-json\/wp\/v2\/media\/38284"}],"wp:attachment":[{"href":"https:\/\/lrm67.com\/index.php\/wp-json\/wp\/v2\/media?parent=38279"}],"wp:term":[{"taxonomy":"category","embeddable":true,"href":"https:\/\/lrm67.com\/index.php\/wp-json\/wp\/v2\/categories?post=38279"},{"taxonomy":"post_tag","embeddable":true,"href":"https:\/\/lrm67.com\/index.php\/wp-json\/wp\/v2\/tags?post=38279"}],"curies":[{"name":"wp","href":"https:\/\/api.w.org\/{rel}","templated":true}]}}