{"id":38274,"date":"2025-09-22T10:57:23","date_gmt":"2025-09-22T13:57:23","guid":{"rendered":"https:\/\/lrm67.com\/?p=38274"},"modified":"2025-09-22T18:00:03","modified_gmt":"2025-09-22T21:00:03","slug":"reinaldinho-recebe-representantes-da-associacao-amigos-de-barequecaba","status":"publish","type":"post","link":"https:\/\/lrm67.com\/index.php\/2025\/09\/22\/reinaldinho-recebe-representantes-da-associacao-amigos-de-barequecaba\/","title":{"rendered":"Reinaldinho recebe representantes da Associa\u00e7\u00e3o Amigos de Bareque\u00e7aba"},"content":{"rendered":"<p>O prefeito de S\u00e3o Sebasti\u00e3o, Reinaldinho Moreira, recebeu na \u00faltima sexta-feira (19\/9), representantes da Associa\u00e7\u00e3o Amigos de Bareque\u00e7aba (Sabare) para tratar de reivindica\u00e7\u00f5es dos moradores do bairro da regi\u00e3o central do munic\u00edpio.<\/p>\n<p>No encontro, eles pediram melhorias na coleta de lixo, servi\u00e7os de ilumina\u00e7\u00e3o p\u00fablica, retirada de entulhos e podas das cal\u00e7adas, a cria\u00e7\u00e3o de uma \u00e1rea verde (pra\u00e7a) e a revitaliza\u00e7\u00e3o da Esta\u00e7\u00e3o de Tratamento de Esgoto do bairro.<\/p>\n<p>Ficaram definidas, ainda, a\u00e7\u00f5es de fiscaliza\u00e7\u00e3o integrada nas praias, envolvendo equipes de orienta\u00e7\u00e3o da Sabare, equipe municipal de Fiscaliza\u00e7\u00e3o de Posturas e pol\u00edcias Militar e Municipal para coibir a presen\u00e7a de animais, quadriciclos, som alto e outras perturba\u00e7\u00f5es de ordem e sossego.<\/p>\n<p>Reinaldinho firmou compromisso com as demandas dos moradores e disse que o trabalho conjunto com as associa\u00e7\u00f5es de bairro \u00e9 uma das prioridades na gest\u00e3o municipal, j\u00e1 que muitas demandas passam pelas diretorias das institui\u00e7\u00f5es.<\/p>\n<blockquote><p>\u201cA maioria das demandas apresentadas nessas reuni\u00f5es \u00e9 de a\u00e7\u00f5es pontuais e poss\u00edveis de realizar, j\u00e1 que n\u00e3o necessitam de um grande aporte financeiro, mas de a\u00e7\u00f5es planejadas. A Sabare \u00e9 uma parceira e vamos trabalhar juntos para levar melhorias para este bairro t\u00e3o importante da nossa cidade. Sempre vamos fazer o que est\u00e1 ao nosso alcance e o que seja importante para os nossos mun\u00edcipes\u201d, disse o prefeito.<\/p><\/blockquote>\n<p>A reuni\u00e3o contou com a participa\u00e7\u00e3o dos secret\u00e1rios de Servi\u00e7os P\u00fablicos, Tota Aniceto; e de Obras, Lu\u00eds Eduardo; da vereadora Henriana Lacerda; do presidente da Sabare, Paulo Roberto Louren\u00e7o; da diretora da associa\u00e7\u00e3o, Marianita Bueno e do fundador da Sabare, M\u00e1rio Vara.<\/p>\n<p>O presidente da Sabare, Paulo Louren\u00e7o, enfatizou que a reuni\u00e3o foi muito produtiva e destacou o compromisso do prefeito em resolver as solicita\u00e7\u00f5es das associa\u00e7\u00f5es.<\/p>\n<blockquote><p>\u201cPrecisamos ter esse contato direto com o Executivo, pois podemos apresentar melhorias significativas e que podem passar despercebidas por conta do alto fluxo de demandas da prefeitura. Essa proximidade para construir solu\u00e7\u00f5es unidos \u00e9 o que precisamos para melhorar a qualidade de vida dos moradores de Bareque\u00e7aba&#8221;, completou Paulo Louren\u00e7o.<\/p><\/blockquote>\n<h2>Sabare<\/h2>\n<p>Fundada em 1977 por propriet\u00e1rios de im\u00f3veis unidos na defesa de interesses comuns para beneficiar o bairro, a Associa\u00e7\u00e3o foi declarada sociedade civil sem fins lucrativos de utilidade p\u00fablica pela Lei Municipal n\u00ba 226, de 4 de julho de 1978. \u00c9 uma entidade sem fins econ\u00f4micos, apartid\u00e1ria e n\u00e3o religiosa, afiliada \u00e0 Federa\u00e7\u00e3o Pr\u00f3 Costa Atl\u00e2ntica.<\/p>\n","protected":false},"excerpt":{"rendered":"<p>O prefeito de S\u00e3o Sebasti\u00e3o, Reinaldinho Moreira, recebeu na \u00faltima sexta-feira (19\/9), representantes da Associa\u00e7\u00e3o Amigos de Bareque\u00e7aba (Sabare) para tratar de reivindica\u00e7\u00f5es dos moradores do bairro da regi\u00e3o central do munic\u00edpio. No encontro, eles pediram melhorias na coleta de lixo, servi\u00e7os de ilumina\u00e7\u00e3o p\u00fablica, retirada de entulhos e podas das cal\u00e7adas, a cria\u00e7\u00e3o de [&hellip;]<\/p>\n","protected":false},"author":26,"featured_media":38276,"comment_status":"open","ping_status":"open","sticky":false,"template":"","format":"standard","meta":{"footnotes":""},"categories":[2,13],"tags":[],"class_list":["post-38274","post","type-post","status-publish","format-standard","has-post-thumbnail","hentry","category-geral","category-sao-sebastiao"],"aioseo_notices":[],"_links":{"self":[{"href":"https:\/\/lrm67.com\/index.php\/wp-json\/wp\/v2\/posts\/38274","targetHints":{"allow":["GET"]}}],"collection":[{"href":"https:\/\/lrm67.com\/index.php\/wp-json\/wp\/v2\/posts"}],"about":[{"href":"https:\/\/lrm67.com\/index.php\/wp-json\/wp\/v2\/types\/post"}],"author":[{"embeddable":true,"href":"https:\/\/lrm67.com\/index.php\/wp-json\/wp\/v2\/users\/26"}],"replies":[{"embeddable":true,"href":"https:\/\/lrm67.com\/index.php\/wp-json\/wp\/v2\/comments?post=38274"}],"version-history":[{"count":1,"href":"https:\/\/lrm67.com\/index.php\/wp-json\/wp\/v2\/posts\/38274\/revisions"}],"predecessor-version":[{"id":38277,"href":"https:\/\/lrm67.com\/index.php\/wp-json\/wp\/v2\/posts\/38274\/revisions\/38277"}],"wp:featuredmedia":[{"embeddable":true,"href":"https:\/\/lrm67.com\/index.php\/wp-json\/wp\/v2\/media\/38276"}],"wp:attachment":[{"href":"https:\/\/lrm67.com\/index.php\/wp-json\/wp\/v2\/media?parent=38274"}],"wp:term":[{"taxonomy":"category","embeddable":true,"href":"https:\/\/lrm67.com\/index.php\/wp-json\/wp\/v2\/categories?post=38274"},{"taxonomy":"post_tag","embeddable":true,"href":"https:\/\/lrm67.com\/index.php\/wp-json\/wp\/v2\/tags?post=38274"}],"curies":[{"name":"wp","href":"https:\/\/api.w.org\/{rel}","templated":true}]}}