{"id":38249,"date":"2025-09-22T16:45:15","date_gmt":"2025-09-22T19:45:15","guid":{"rendered":"https:\/\/lrm67.com\/?p=38249"},"modified":"2025-09-22T17:35:11","modified_gmt":"2025-09-22T20:35:11","slug":"1a-mostra-vivencias-do-sus-que-dao-certo-comemora-35-anos-do-sistema-unico-de-saude-em-sao-sebastiao","status":"publish","type":"post","link":"https:\/\/lrm67.com\/index.php\/2025\/09\/22\/1a-mostra-vivencias-do-sus-que-dao-certo-comemora-35-anos-do-sistema-unico-de-saude-em-sao-sebastiao\/","title":{"rendered":"1\u00aa Mostra \u2018Viv\u00eancias do SUS que d\u00e3o Certo\u2019 comemora 35 anos do Sistema \u00danico de Sa\u00fade em S\u00e3o Sebasti\u00e3o"},"content":{"rendered":"<p>Nesta quinta-feira (25), \u00e0s 19h, o Teatro Municipal de S\u00e3o Sebasti\u00e3o recebe a segunda edi\u00e7\u00e3o do Sarau do Meio Ambiente \u2013 Celebra\u00e7\u00e3o da Arte e da Consci\u00eancia Ambiental.<\/p>\n<p>O evento, que une arte e consci\u00eancia ecol\u00f3gica, traz a oportunidade de o p\u00fablico apreciar performances dos artistas locais de linguagens art\u00edsticas, como m\u00fasica, artes pl\u00e1sticas e poesia.<\/p>\n<p>Nomes da cena cultural sebastianense como S\u00f4nia Lopes, Geraldo de Buta, Amadeu Matos, Joice &amp; Eric Faulhaber, Cibele Mello, o Coral de S\u00e3o Sebasti\u00e3o, o grupo Clarena e muitos outros prometem emocionar o p\u00fablico no Teatro Municipal.<\/p>\n<p>Os ingressos s\u00e3o solid\u00e1rios e podem ser adquiridos mediante a doa\u00e7\u00e3o de 1kg de alimento n\u00e3o perec\u00edvel (exceto sal e a\u00e7\u00facar). A retirada deve ser feita na bilheteria do Teatro Municipal, uma hora antes do espet\u00e1culo.<\/p>\n<p>Al\u00e9m de promover a cultura local, o Sarau busca conscientizar sobre a necessidade de cuidarmos do planeta, unindo arte e ativismo ambiental em uma bela festa.<\/p>\n<p>O II Sarau do Meio Ambiente conta com o apoio da Prefeitura de S\u00e3o Sebasti\u00e3o, por meio da Funda\u00e7\u00e3o Educacional e Cultural \u2018Deodato Sant\u2019Anna\u2019 (Fundass).<\/p>\n","protected":false},"excerpt":{"rendered":"<p>Nesta quinta-feira (25), \u00e0s 19h, o Teatro Municipal de S\u00e3o Sebasti\u00e3o recebe a segunda edi\u00e7\u00e3o do Sarau do Meio Ambiente \u2013 Celebra\u00e7\u00e3o da Arte e da Consci\u00eancia Ambiental. O evento, que une arte e consci\u00eancia ecol\u00f3gica, traz a oportunidade de o p\u00fablico apreciar performances dos artistas locais de linguagens art\u00edsticas, como m\u00fasica, artes pl\u00e1sticas e [&hellip;]<\/p>\n","protected":false},"author":26,"featured_media":38253,"comment_status":"open","ping_status":"open","sticky":false,"template":"","format":"standard","meta":{"footnotes":""},"categories":[2,13,10],"tags":[],"class_list":["post-38249","post","type-post","status-publish","format-standard","has-post-thumbnail","hentry","category-geral","category-sao-sebastiao","category-saude"],"aioseo_notices":[],"_links":{"self":[{"href":"https:\/\/lrm67.com\/index.php\/wp-json\/wp\/v2\/posts\/38249","targetHints":{"allow":["GET"]}}],"collection":[{"href":"https:\/\/lrm67.com\/index.php\/wp-json\/wp\/v2\/posts"}],"about":[{"href":"https:\/\/lrm67.com\/index.php\/wp-json\/wp\/v2\/types\/post"}],"author":[{"embeddable":true,"href":"https:\/\/lrm67.com\/index.php\/wp-json\/wp\/v2\/users\/26"}],"replies":[{"embeddable":true,"href":"https:\/\/lrm67.com\/index.php\/wp-json\/wp\/v2\/comments?post=38249"}],"version-history":[{"count":1,"href":"https:\/\/lrm67.com\/index.php\/wp-json\/wp\/v2\/posts\/38249\/revisions"}],"predecessor-version":[{"id":38254,"href":"https:\/\/lrm67.com\/index.php\/wp-json\/wp\/v2\/posts\/38249\/revisions\/38254"}],"wp:featuredmedia":[{"embeddable":true,"href":"https:\/\/lrm67.com\/index.php\/wp-json\/wp\/v2\/media\/38253"}],"wp:attachment":[{"href":"https:\/\/lrm67.com\/index.php\/wp-json\/wp\/v2\/media?parent=38249"}],"wp:term":[{"taxonomy":"category","embeddable":true,"href":"https:\/\/lrm67.com\/index.php\/wp-json\/wp\/v2\/categories?post=38249"},{"taxonomy":"post_tag","embeddable":true,"href":"https:\/\/lrm67.com\/index.php\/wp-json\/wp\/v2\/tags?post=38249"}],"curies":[{"name":"wp","href":"https:\/\/api.w.org\/{rel}","templated":true}]}}