{"id":38242,"date":"2025-09-22T15:04:57","date_gmt":"2025-09-22T18:04:57","guid":{"rendered":"https:\/\/lrm67.com\/?p=38242"},"modified":"2025-09-22T17:29:22","modified_gmt":"2025-09-22T20:29:22","slug":"prefeitura-de-ilhabela-leva-escuta-ativa-as-comunidades-escolares-para-aprimorar-ensino-em-tempo-integral","status":"publish","type":"post","link":"https:\/\/lrm67.com\/index.php\/2025\/09\/22\/prefeitura-de-ilhabela-leva-escuta-ativa-as-comunidades-escolares-para-aprimorar-ensino-em-tempo-integral\/","title":{"rendered":"Prefeitura de Ilhabela leva escuta ativa \u00e0s comunidades escolares para aprimorar ensino em tempo integral"},"content":{"rendered":"<p>A Prefeitura de Ilhabela, por meio da Secretaria de Educa\u00e7\u00e3o, continua com uma s\u00e9rie de reuni\u00f5es com representantes dos Conselhos de Escola, equipe t\u00e9cnica da pasta e a comunidade escolar para discutir melhorias no ensino em tempo integral, alinhadas \u00e0 legisla\u00e7\u00e3o federal vigente.<\/p>\n<p>Os encontros, realizados diretamente nas escolas, t\u00eam como foco ouvir as demandas e vontades da comunidade, garantindo que as decis\u00f5es sejam tomadas de forma democr\u00e1tica e participativa.<\/p>\n<p>Durante as reuni\u00f5es, s\u00e3o debatidos aspectos relacionados ao tempo de perman\u00eancia dos alunos, bem como as op\u00e7\u00f5es de atividades que ir\u00e3o compor a jornada escolar. Entre as propostas est\u00e3o atividades culturais, esportivas, ensino digital e pr\u00e1ticas sustent\u00e1veis, assegurando uma oferta diversificada e conectada \u00e0s realidades locais.<\/p>\n<p>As reuni\u00f5es continuar\u00e3o ao longo das pr\u00f3ximas semanas, sempre com a presen\u00e7a da comunidade escolar, fortalecendo o di\u00e1logo e a constru\u00e7\u00e3o coletiva de um modelo de ensino em tempo integral mais moderno, inclusivo e alinhado \u00e0s melhores pr\u00e1ticas pedag\u00f3gicas j\u00e1 a partir de 2026.<\/p>\n","protected":false},"excerpt":{"rendered":"<p>A Prefeitura de Ilhabela, por meio da Secretaria de Educa\u00e7\u00e3o, continua com uma s\u00e9rie de reuni\u00f5es com representantes dos Conselhos de Escola, equipe t\u00e9cnica da pasta e a comunidade escolar para discutir melhorias no ensino em tempo integral, alinhadas \u00e0 legisla\u00e7\u00e3o federal vigente. Os encontros, realizados diretamente nas escolas, t\u00eam como foco ouvir as demandas [&hellip;]<\/p>\n","protected":false},"author":26,"featured_media":38240,"comment_status":"open","ping_status":"open","sticky":false,"template":"","format":"standard","meta":{"footnotes":""},"categories":[19,3,16],"tags":[110,33,253,309],"class_list":["post-38242","post","type-post","status-publish","format-standard","has-post-thumbnail","hentry","category-educacao","category-ilhabela","category-politica","tag-educacao","tag-ilhabela","tag-prefeitura-de-ilhabela","tag-secretaria-de-educacao"],"aioseo_notices":[],"_links":{"self":[{"href":"https:\/\/lrm67.com\/index.php\/wp-json\/wp\/v2\/posts\/38242","targetHints":{"allow":["GET"]}}],"collection":[{"href":"https:\/\/lrm67.com\/index.php\/wp-json\/wp\/v2\/posts"}],"about":[{"href":"https:\/\/lrm67.com\/index.php\/wp-json\/wp\/v2\/types\/post"}],"author":[{"embeddable":true,"href":"https:\/\/lrm67.com\/index.php\/wp-json\/wp\/v2\/users\/26"}],"replies":[{"embeddable":true,"href":"https:\/\/lrm67.com\/index.php\/wp-json\/wp\/v2\/comments?post=38242"}],"version-history":[{"count":3,"href":"https:\/\/lrm67.com\/index.php\/wp-json\/wp\/v2\/posts\/38242\/revisions"}],"predecessor-version":[{"id":38247,"href":"https:\/\/lrm67.com\/index.php\/wp-json\/wp\/v2\/posts\/38242\/revisions\/38247"}],"wp:featuredmedia":[{"embeddable":true,"href":"https:\/\/lrm67.com\/index.php\/wp-json\/wp\/v2\/media\/38240"}],"wp:attachment":[{"href":"https:\/\/lrm67.com\/index.php\/wp-json\/wp\/v2\/media?parent=38242"}],"wp:term":[{"taxonomy":"category","embeddable":true,"href":"https:\/\/lrm67.com\/index.php\/wp-json\/wp\/v2\/categories?post=38242"},{"taxonomy":"post_tag","embeddable":true,"href":"https:\/\/lrm67.com\/index.php\/wp-json\/wp\/v2\/tags?post=38242"}],"curies":[{"name":"wp","href":"https:\/\/api.w.org\/{rel}","templated":true}]}}