{"id":38236,"date":"2025-09-22T09:22:47","date_gmt":"2025-09-22T12:22:47","guid":{"rendered":"https:\/\/lrm67.com\/?p=38236"},"modified":"2025-09-22T15:55:57","modified_gmt":"2025-09-22T18:55:57","slug":"jovem-e-preso-portando-arma-em-corrida-de-aplicativo-em-ubatuba","status":"publish","type":"post","link":"https:\/\/lrm67.com\/index.php\/2025\/09\/22\/jovem-e-preso-portando-arma-em-corrida-de-aplicativo-em-ubatuba\/","title":{"rendered":"Jovem \u00e9 preso portando arma em corrida de aplicativo em Ubatuba"},"content":{"rendered":"<p>Policiais militares do 20\u00ba BPM-I (Batalh\u00e3o de Pol\u00edcia Militar do Interior) prenderam, na madrugada desta segunda-feira (22), um homem por porte ilegal de arma de fogo e muni\u00e7\u00f5es, na altura do bairro Pedreira Baixa, em Ubatuba.<\/p>\n<p>A equipe suspeitou de um ve\u00edculo Gol preto, que operava como carro de aplicativo, e deu ordem de parada.<br \/>\nAo abordar o motorista e o passageiro, a equipe encontrou no bolso da cal\u00e7a do passageiro seis muni\u00e7\u00f5es de calibre .38 e, na blusa, uma touca &#8220;ninja&#8221;. Em uma busca veicular, os policiais localizaram, debaixo do banco do passageiro, um rev\u00f3lver calibre .38, marca Taurus, com a numera\u00e7\u00e3o raspada e municiado com seis proj\u00e9teis.<br \/>\nQuestionado, o homem informou que portava a arma para se defender de seus inimigos.<\/p>\n<p>O motorista do aplicativo foi ouvido como testemunha pelo delegado e liberado em seguida.<\/p>\n<p>O homem, de 22 anos, recebeu voz de pris\u00e3o, teve seus direitos constitucionais lidos e, em seguida, foi apresentado \u00e0 autoridade de plant\u00e3o, onde permaneceu \u00e0 disposi\u00e7\u00e3o da Justi\u00e7a.<\/p>\n<pre>Com O Vale<\/pre>\n","protected":false},"excerpt":{"rendered":"<p>Policiais militares do 20\u00ba BPM-I (Batalh\u00e3o de Pol\u00edcia Militar do Interior) prenderam, na madrugada desta segunda-feira (22), um homem por porte ilegal de arma de fogo e muni\u00e7\u00f5es, na altura do bairro Pedreira Baixa, em Ubatuba. A equipe suspeitou de um ve\u00edculo Gol preto, que operava como carro de aplicativo, e deu ordem de parada. [&hellip;]<\/p>\n","protected":false},"author":26,"featured_media":38245,"comment_status":"open","ping_status":"open","sticky":false,"template":"","format":"standard","meta":{"footnotes":""},"categories":[15,14],"tags":[],"class_list":["post-38236","post","type-post","status-publish","format-standard","has-post-thumbnail","hentry","category-policia","category-ubatuba"],"aioseo_notices":[],"_links":{"self":[{"href":"https:\/\/lrm67.com\/index.php\/wp-json\/wp\/v2\/posts\/38236","targetHints":{"allow":["GET"]}}],"collection":[{"href":"https:\/\/lrm67.com\/index.php\/wp-json\/wp\/v2\/posts"}],"about":[{"href":"https:\/\/lrm67.com\/index.php\/wp-json\/wp\/v2\/types\/post"}],"author":[{"embeddable":true,"href":"https:\/\/lrm67.com\/index.php\/wp-json\/wp\/v2\/users\/26"}],"replies":[{"embeddable":true,"href":"https:\/\/lrm67.com\/index.php\/wp-json\/wp\/v2\/comments?post=38236"}],"version-history":[{"count":1,"href":"https:\/\/lrm67.com\/index.php\/wp-json\/wp\/v2\/posts\/38236\/revisions"}],"predecessor-version":[{"id":38246,"href":"https:\/\/lrm67.com\/index.php\/wp-json\/wp\/v2\/posts\/38236\/revisions\/38246"}],"wp:featuredmedia":[{"embeddable":true,"href":"https:\/\/lrm67.com\/index.php\/wp-json\/wp\/v2\/media\/38245"}],"wp:attachment":[{"href":"https:\/\/lrm67.com\/index.php\/wp-json\/wp\/v2\/media?parent=38236"}],"wp:term":[{"taxonomy":"category","embeddable":true,"href":"https:\/\/lrm67.com\/index.php\/wp-json\/wp\/v2\/categories?post=38236"},{"taxonomy":"post_tag","embeddable":true,"href":"https:\/\/lrm67.com\/index.php\/wp-json\/wp\/v2\/tags?post=38236"}],"curies":[{"name":"wp","href":"https:\/\/api.w.org\/{rel}","templated":true}]}}