{"id":38203,"date":"2025-09-20T18:25:16","date_gmt":"2025-09-20T21:25:16","guid":{"rendered":"https:\/\/lrm67.com\/?p=38203"},"modified":"2025-10-14T19:08:15","modified_gmt":"2025-10-14T22:08:15","slug":"por-do-sol-no-mirante-do-camaroeiro-e-cenario-do-espetaculo-de-danca-vitrines-na-proxima-semana","status":"publish","type":"post","link":"https:\/\/lrm67.com\/index.php\/2025\/09\/20\/por-do-sol-no-mirante-do-camaroeiro-e-cenario-do-espetaculo-de-danca-vitrines-na-proxima-semana\/","title":{"rendered":"P\u00f4r do sol no Mirante do Camaroeiro \u00e9 cen\u00e1rio do espet\u00e1culo de dan\u00e7a \u2018Vitrines\u2019 na pr\u00f3xima semana"},"content":{"rendered":"<p><span style=\"font-weight: 400;\">O mirante do Complexo Tur\u00edstico do Camaroeiro, na regi\u00e3o central de Caraguatatuba, ser\u00e1 o palco do espet\u00e1culo \u2018Vitrines\u2019, da SETES Companhia de Dan\u00e7a, na pr\u00f3xima semana, nos dias 26, 27 e 28\/9 (sexta-feira, s\u00e1bado e domingo), \u00e0s 17h30, durante o p\u00f4r do sol. A entrada \u00e9 gratuita.<\/span><\/p>\n<p><span style=\"font-weight: 400;\">O espet\u00e1culo faz uma reflex\u00e3o sobre o chamado\u00a0<\/span><i><span style=\"font-weight: 400;\">Vitrinismo<\/span><\/i><span style=\"font-weight: 400;\">\u00a0ao tra\u00e7ar um paralelo entre a l\u00f3gica do mundo comercial \u2014 que\u00a0organiza vitrines para atrair olhares e despertar desejos \u2014 e o comportamento\u00a0humano, cada vez mais voltado \u00e0 constru\u00e7\u00e3o de uma imagem idealizada de si.\u00a0<\/span><span style=\"font-weight: 400;\">Diferente da abordagem tradicional do marketing, aqui o\u00a0<\/span><i><span style=\"font-weight: 400;\">Vitrinismo<\/span><\/i><span style=\"font-weight: 400;\">\u00a0\u00e9 tratado como um fen\u00f4meno social. Um espelho da\u00a0forma como nos expomos e moldamos nossas atitudes, valores e apar\u00eancias para\u00a0agradar, pertencer ou conquistar valida\u00e7\u00e3o.<\/span> <span style=\"font-weight: 400;\"> Comportamentos muitas vezes\u00a0naturalizados, presentes nas redes sociais, nos ambientes de trabalho, nas\u00a0rela\u00e7\u00f5es interpessoais e at\u00e9 no meio art\u00edstico.\u00a0\u00a0<\/span><span style=\"font-weight: 400;\">As apresenta\u00e7\u00f5es pertencem ao projeto\u00a0<\/span><span style=\"font-weight: 400;\">\u2018SETES por DOZE\u2019,<\/span><b>\u00a0<\/b><span style=\"font-weight: 400;\">contemplado no edital LPG n\u00ba 18\/2023 \u2013 Manuten\u00e7\u00e3o de Atividades, viabilizado por meio do Governo do Estado de S\u00e3o Paulo, Secretaria da Cultura, Economia e Ind\u00fastria Criativas, Minist\u00e9rio da Cultura e Governo Federal. No munic\u00edpio, conta com o apoio da Fundacc \u2013 Funda\u00e7\u00e3o Educacional e Cultural de Caraguatatuba. O Complexo Tur\u00edstico do Camaroeiro est\u00e1 localizado na Rua Jos\u00e9 Vieira da Mota, na Prainha. <\/span><span style=\"font-weight: 400;\">Para mais informa\u00e7\u00f5es acesse a p\u00e1gina no Instagram: <a href=\"https:\/\/www.instagram.com\/setes.cia\/\">@setes.cia<\/a><\/span><\/p>\n<p><img fetchpriority=\"high\" decoding=\"async\" class=\"alignnone size-full wp-image-38205\" src=\"https:\/\/lrm67.com\/wp-content\/uploads\/2025\/09\/54798905635_24d55c0649_b.jpg\" alt=\"\" width=\"1024\" height=\"683\" srcset=\"https:\/\/lrm67.com\/wp-content\/uploads\/2025\/09\/54798905635_24d55c0649_b.jpg 1024w, https:\/\/lrm67.com\/wp-content\/uploads\/2025\/09\/54798905635_24d55c0649_b-300x200.jpg 300w, https:\/\/lrm67.com\/wp-content\/uploads\/2025\/09\/54798905635_24d55c0649_b-768x512.jpg 768w\" sizes=\"(max-width: 1024px) 100vw, 1024px\" \/><\/p>\n<p>&nbsp;<\/p>\n<p><b>Ficha t\u00e9cnica<\/b> <b><br \/>\n<\/b><b>Dire\u00e7\u00e3o:<\/b><span style=\"font-weight: 400;\">\u00a0Evandro Hegel.<\/span> <span style=\"font-weight: 400;\"><br \/>\n<\/span><b>Int\u00e9rpretes-criadores<\/b><span style=\"font-weight: 400;\">:\u00a0Emersu\u00a0Oliveira, Gustavo Ueda, Rebeca de Paula e Moises Matos.\u00a0<\/span> <span style=\"font-weight: 400;\"><br \/>\n<\/span><b>Trilha Sonora<\/b><span style=\"font-weight: 400;\">: Tiago Penalva, Rafaela Maciel e\u00a0DJ Mazatik.<\/span> <span style=\"font-weight: 400;\"><br \/>\n<\/span><b>Opera\u00e7\u00e3o de som:\u00a0<\/b><span style=\"font-weight: 400;\">Tiago Penalva.\u00a0<\/span> <span style=\"font-weight: 400;\"><br \/>\n<\/span><b>Ilumina\u00e7\u00e3o<\/b><span style=\"font-weight: 400;\">: Lucca Vilas\u00a0Boas e Rafaela Maciel.<\/span> <span style=\"font-weight: 400;\">\u00a0<\/span><span style=\"font-weight: 400;\"><br \/>\n<\/span><b>Produ\u00e7\u00e3o de\u00a0campo<\/b><span style=\"font-weight: 400;\">: Karen Borges e\u00a0Mackenzee.<\/span><b>\u00a0<\/b> <b><br \/>\n<\/b><b>Assessoria de Imprensa:<\/b><span style=\"font-weight: 400;\">\u00a0Luciana Gandelini de Souza.\u00a0<\/span> <span style=\"font-weight: 400;\"><br \/>\n<\/span><b>Assistente de produ\u00e7\u00e3o e montagem<\/b><span style=\"font-weight: 400;\">: Mackenzee<\/span><\/p>\n<p>&nbsp;<\/p>\n<p><b>Servi\u00e7o<\/b><\/p>\n<p><b>Espet\u00e1culo \u2018Vitrines\u2019 l SETES Companhia de Dan\u00e7a<\/b> <b><br \/>\n<\/b><span style=\"font-weight: 400;\">Dias 26, 27 e 28\/9 \u2013 sexta, s\u00e1bado e domingo \u2013 \u00e0s 17h30<\/span> <span style=\"font-weight: 400;\"><br \/>\n<\/span><span style=\"font-weight: 400;\">Complexo Tur\u00edstico do Camaroeiro l Rua Jos\u00e9 Vieira da Mota, na Prainha &#8211; Caraguatatuba<\/span><span style=\"font-weight: 400;\"><br \/>\n<\/span><span style=\"font-weight: 400;\">Entrada gratuita l Classifica\u00e7\u00e3o 14 anos<\/span> <span style=\"font-weight: 400;\"><br \/>\n<\/span><span style=\"font-weight: 400;\">Dura\u00e7\u00e3o 60 minutos<\/span><\/p>\n<p>&nbsp;<\/p>\n<pre>Fotos: Douglas Barbaresco\/ Divulga\u00e7\u00e3o Fundacc<\/pre>\n","protected":false},"excerpt":{"rendered":"<p>O mirante do Complexo Tur\u00edstico do Camaroeiro, na regi\u00e3o central de Caraguatatuba, ser\u00e1 o palco do espet\u00e1culo \u2018Vitrines\u2019, da SETES Companhia de Dan\u00e7a, na pr\u00f3xima semana, nos dias 26, 27 e 28\/9 (sexta-feira, s\u00e1bado e domingo), \u00e0s 17h30, durante o p\u00f4r do sol. A entrada \u00e9 gratuita. O espet\u00e1culo faz uma reflex\u00e3o sobre o chamado\u00a0Vitrinismo\u00a0ao [&hellip;]<\/p>\n","protected":false},"author":26,"featured_media":38204,"comment_status":"open","ping_status":"open","sticky":false,"template":"","format":"standard","meta":{"footnotes":""},"categories":[8,12,48],"tags":[17,132,303],"class_list":["post-38203","post","type-post","status-publish","format-standard","has-post-thumbnail","hentry","category-caraguatatuba","category-eventos","category-publieditorial","tag-caraguatatuba","tag-eventos","tag-publieditorial"],"aioseo_notices":[],"_links":{"self":[{"href":"https:\/\/lrm67.com\/index.php\/wp-json\/wp\/v2\/posts\/38203","targetHints":{"allow":["GET"]}}],"collection":[{"href":"https:\/\/lrm67.com\/index.php\/wp-json\/wp\/v2\/posts"}],"about":[{"href":"https:\/\/lrm67.com\/index.php\/wp-json\/wp\/v2\/types\/post"}],"author":[{"embeddable":true,"href":"https:\/\/lrm67.com\/index.php\/wp-json\/wp\/v2\/users\/26"}],"replies":[{"embeddable":true,"href":"https:\/\/lrm67.com\/index.php\/wp-json\/wp\/v2\/comments?post=38203"}],"version-history":[{"count":1,"href":"https:\/\/lrm67.com\/index.php\/wp-json\/wp\/v2\/posts\/38203\/revisions"}],"predecessor-version":[{"id":38206,"href":"https:\/\/lrm67.com\/index.php\/wp-json\/wp\/v2\/posts\/38203\/revisions\/38206"}],"wp:featuredmedia":[{"embeddable":true,"href":"https:\/\/lrm67.com\/index.php\/wp-json\/wp\/v2\/media\/38204"}],"wp:attachment":[{"href":"https:\/\/lrm67.com\/index.php\/wp-json\/wp\/v2\/media?parent=38203"}],"wp:term":[{"taxonomy":"category","embeddable":true,"href":"https:\/\/lrm67.com\/index.php\/wp-json\/wp\/v2\/categories?post=38203"},{"taxonomy":"post_tag","embeddable":true,"href":"https:\/\/lrm67.com\/index.php\/wp-json\/wp\/v2\/tags?post=38203"}],"curies":[{"name":"wp","href":"https:\/\/api.w.org\/{rel}","templated":true}]}}