{"id":38169,"date":"2025-09-18T16:20:17","date_gmt":"2025-09-18T19:20:17","guid":{"rendered":"https:\/\/lrm67.com\/?p=38169"},"modified":"2025-09-18T21:23:37","modified_gmt":"2025-09-19T00:23:37","slug":"defesa-civil-de-sp-mantem-gabinete-de-crise-por-calor-extremo-e-risco-elevado-de-incendios","status":"publish","type":"post","link":"https:\/\/lrm67.com\/index.php\/2025\/09\/18\/defesa-civil-de-sp-mantem-gabinete-de-crise-por-calor-extremo-e-risco-elevado-de-incendios\/","title":{"rendered":"Defesa Civil de SP mant\u00e9m gabinete de crise por calor extremo e risco elevado de inc\u00eandios"},"content":{"rendered":"<p>Defesa Civil do Estado informa que, de acordo com os modelos meteorol\u00f3gicos mais recentes, o per\u00edodo entre sexta-feira (19) e domingo (21) ser\u00e1 marcado por predom\u00ednio de Sol, temperaturas elevadas e queda acentuada da Umidade Relativa do Ar (URA), com \u00edndices cr\u00edticos inferiores a 20% em diversas localidades e alguns pontos podendo atingir valores pr\u00f3ximos a 12% no domingo (21).<\/p>\n<p>Essas condi\u00e7\u00f5es favorecem a intensifica\u00e7\u00e3o da sensa\u00e7\u00e3o de calor e abafamento, al\u00e9m de aumentar o risco para inc\u00eandios florestais e queimadas em \u00e1reas de vegeta\u00e7\u00e3o. Por essa raz\u00e3o, o gabinete de crise da Opera\u00e7\u00e3o SP Sem Fogo continua mobilizado at\u00e9 domingo (21), monitorando todas as regi\u00f5es do estado.<\/p>\n<p>Nesta sexta-feira (19), um corredor de umidade proveniente da regi\u00e3o Amaz\u00f4nica poder\u00e1 se aproximar do Estado de S\u00e3o Paulo, gerando pancadas de chuva r\u00e1pidas e localizadas nas regi\u00f5es de S\u00e3o Jos\u00e9 do Rio Preto, Franca, Barretos e Ribeir\u00e3o Preto, acompanhadas de rajadas de vento. No s\u00e1bado (20), o predom\u00ednio ser\u00e1 de sol e tempo seco em praticamente todo o territ\u00f3rio paulista.<\/p>\n<h2 class=\"wp-block-heading\">Chegada de frente fria<\/h2>\n<p>No domingo (21), o dia ser\u00e1 de calor intenso, tempo abafado e URA em n\u00edveis cr\u00edticos. Durante a noite, entretanto, est\u00e1 prevista a aproxima\u00e7\u00e3o de uma frente fria, que poder\u00e1 provocar chuvas fortes, rajadas de vento, descargas el\u00e9tricas e risco de granizo em pontos isolados. A entrada desse sistema atmosf\u00e9rico contribuir\u00e1 para elevar a umidade e reduzir o risco de inc\u00eandios a partir do in\u00edcio da pr\u00f3xima semana, embora haja possibilidade de transtornos em \u00e1reas vulner\u00e1veis.<\/p>\n<h2 class=\"wp-block-heading\">Condi\u00e7\u00f5es previstas por regi\u00f5es<\/h2>\n<p>\u2022 Vale do Para\u00edba: Pancadas de chuva com momentos de tempestade. Temperatura m\u00ednima de 18\u00b0C e m\u00e1xima de 32\u00b0C. Rajadas de vento de intensidade forte. Risco para queda de granizo.<br \/>\n\u2022 Litoral Norte: Pancadas de chuva com momentos de tempestade. Temperatura m\u00ednima de 22\u00b0C e m\u00e1xima de 34\u00b0C. Rajadas de vento de intensidade forte. Risco para queda de granizo.<br \/>\n\u2022 Serra da Mantiqueira: Pancadas de chuva com momentos de tempestade. Temperatura m\u00ednima de 16\u00b0C e m\u00e1xima de 23\u00b0C. Rajadas de vento de intensidade forte. Risco para queda de granizo.<\/p>\n","protected":false},"excerpt":{"rendered":"<p>Defesa Civil do Estado informa que, de acordo com os modelos meteorol\u00f3gicos mais recentes, o per\u00edodo entre sexta-feira (19) e domingo (21) ser\u00e1 marcado por predom\u00ednio de Sol, temperaturas elevadas e queda acentuada da Umidade Relativa do Ar (URA), com \u00edndices cr\u00edticos inferiores a 20% em diversas localidades e alguns pontos podendo atingir valores pr\u00f3ximos [&hellip;]<\/p>\n","protected":false},"author":26,"featured_media":38170,"comment_status":"open","ping_status":"open","sticky":false,"template":"","format":"standard","meta":{"footnotes":""},"categories":[2,80,6,89],"tags":[],"class_list":["post-38169","post","type-post","status-publish","format-standard","has-post-thumbnail","hentry","category-geral","category-litoral-norte","category-tempo","category-vale-do-paraiba"],"aioseo_notices":[],"_links":{"self":[{"href":"https:\/\/lrm67.com\/index.php\/wp-json\/wp\/v2\/posts\/38169","targetHints":{"allow":["GET"]}}],"collection":[{"href":"https:\/\/lrm67.com\/index.php\/wp-json\/wp\/v2\/posts"}],"about":[{"href":"https:\/\/lrm67.com\/index.php\/wp-json\/wp\/v2\/types\/post"}],"author":[{"embeddable":true,"href":"https:\/\/lrm67.com\/index.php\/wp-json\/wp\/v2\/users\/26"}],"replies":[{"embeddable":true,"href":"https:\/\/lrm67.com\/index.php\/wp-json\/wp\/v2\/comments?post=38169"}],"version-history":[{"count":1,"href":"https:\/\/lrm67.com\/index.php\/wp-json\/wp\/v2\/posts\/38169\/revisions"}],"predecessor-version":[{"id":38171,"href":"https:\/\/lrm67.com\/index.php\/wp-json\/wp\/v2\/posts\/38169\/revisions\/38171"}],"wp:featuredmedia":[{"embeddable":true,"href":"https:\/\/lrm67.com\/index.php\/wp-json\/wp\/v2\/media\/38170"}],"wp:attachment":[{"href":"https:\/\/lrm67.com\/index.php\/wp-json\/wp\/v2\/media?parent=38169"}],"wp:term":[{"taxonomy":"category","embeddable":true,"href":"https:\/\/lrm67.com\/index.php\/wp-json\/wp\/v2\/categories?post=38169"},{"taxonomy":"post_tag","embeddable":true,"href":"https:\/\/lrm67.com\/index.php\/wp-json\/wp\/v2\/tags?post=38169"}],"curies":[{"name":"wp","href":"https:\/\/api.w.org\/{rel}","templated":true}]}}