{"id":38148,"date":"2025-09-18T18:54:19","date_gmt":"2025-09-18T21:54:19","guid":{"rendered":"https:\/\/lrm67.com\/?p=38148"},"modified":"2025-09-18T21:05:14","modified_gmt":"2025-09-19T00:05:14","slug":"festival-de-foodtruck-mostra-de-veiculos-classicos-e-danca-circular-movimentam-caraguatatuba-no-fim-de-semana","status":"publish","type":"post","link":"https:\/\/lrm67.com\/index.php\/2025\/09\/18\/festival-de-foodtruck-mostra-de-veiculos-classicos-e-danca-circular-movimentam-caraguatatuba-no-fim-de-semana\/","title":{"rendered":"Festival de Foodtruck, Mostra de Ve\u00edculos Cl\u00e1ssicos e Dan\u00e7a Circular movimentam Caraguatatuba no fim de semana"},"content":{"rendered":"<p><span style=\"font-weight: 400;\">Caraguatatuba ser\u00e1 palco de uma s\u00e9rie de eventos culturais e gastron\u00f4micos entre os dias 19 e 21 de setembro, na Pra\u00e7a da Cultura, no Centro.<\/span><\/p>\n<p><span style=\"font-weight: 400;\">A cidade recebe a \u201cEdi\u00e7\u00e3o Primavera\u201d do Festival de Foodtruck, al\u00e9m de uma Mostra de Ve\u00edculos Cl\u00e1ssicos e apresenta\u00e7\u00e3o da Dan\u00e7a Circular do Litoral Norte.<\/span><\/p>\n<h2><b>Festival de Foodtruck<\/b><\/h2>\n<p><span style=\"font-weight: 400;\">O Festival de Foodtruck come\u00e7a nesta sexta-feira (19) e segue at\u00e9 domingo (21) com diversas op\u00e7\u00f5es gastron\u00f4micas, como hamb\u00fargueres, espetinhos, doces e outras comidas t\u00edpicas. Os visitantes tamb\u00e9m aproveitam as bebidas e a programa\u00e7\u00e3o musical selecionada.<\/span><\/p>\n<p><span style=\"font-weight: 400;\">O evento \u00e9 aberto ao p\u00fablico, organizado pelos pr\u00f3prios respons\u00e1veis pelos foodtrucks, com o apoio da Secretaria de Turismo.<\/span><\/p>\n<p><span style=\"font-weight: 400;\">A programa\u00e7\u00e3o musical est\u00e1 dividida ao longo dos tr\u00eas dias e inclui bandas de estilos variados.\u00a0<\/span><\/p>\n<p><b>Sexta-feira \u2013 19 de setembro<\/b><\/p>\n<p><span style=\"font-weight: 400;\">19h \u2013 Banda Pangeia<\/span><\/p>\n<p><span style=\"font-weight: 400;\">21h \u2013 Banda Conex\u00e3o Central<\/span><\/p>\n<p><b>S\u00e1bado \u2013 20 de setembro<\/b><\/p>\n<p><span style=\"font-weight: 400;\">17h \u2013 Bruna Guida<\/span><\/p>\n<p><span style=\"font-weight: 400;\">19h \u2013 Banda Pinball<\/span><\/p>\n<p><span style=\"font-weight: 400;\">21h \u2013 Banda Feira Livre<\/span><\/p>\n<p><b>Domingo \u2013 21 de setembro<\/b><\/p>\n<p><span style=\"font-weight: 400;\">14h \u2013 Banda L\u00f3tus<\/span><\/p>\n<p><span style=\"font-weight: 400;\">17h \u2013 Banda Energia Viva<\/span><\/p>\n<p><span style=\"font-weight: 400;\">19h \u2013 Banda Gregorios<\/span><\/p>\n<p><span style=\"font-weight: 400;\">O festival visa fomentar a economia local e proporcionar uma experi\u00eancia diversificada aos participantes.<\/span><\/p>\n<h2><b>Encontro de Ve\u00edculos Cl\u00e1ssicos<\/b><\/h2>\n<p><span style=\"font-weight: 400;\">Outro destaque do fim de semana ser\u00e1 o 4\u00b0 Mini Encontro Paulista de Rural e F-75, mostra de carros cl\u00e1ssicos, com a presen\u00e7a de modelos fabricados pelas marcas Willys e Ford entre os anos de 1946 e 1983. O evento, que j\u00e1 \u00e9 tradicional no sul do Brasil, ter\u00e1 a participa\u00e7\u00e3o de Luiz Prior, organizador dos Encontros de Rural, que tamb\u00e9m realiza encontros internacionais de ve\u00edculos em pa\u00edses como Uruguai e Argentina.<\/span><\/p>\n<p><span style=\"font-weight: 400;\">Em Caraguatatuba, a confraterniza\u00e7\u00e3o entre os propriet\u00e1rios dos ve\u00edculos antigos ser\u00e1 na manh\u00e3 de s\u00e1bado (20), na Pra\u00e7a da Cultura. \u00c0s 15h, o grupo far\u00e1 um passeio pelas ruas da cidade, com destino ao Mirante do Camaroeiro, onde far\u00e3o uma pausa para fotos. O percurso continua at\u00e9 a Praia Martim de S\u00e1, e o retorno ser\u00e1 guiado pelos Agentes de Tr\u00e2nsito.<\/span><\/p>\n<p><span style=\"font-weight: 400;\">A aprecia\u00e7\u00e3o \u00e9 livre para o p\u00fablico.<\/span><\/p>\n<h2><b>Dan\u00e7a Circular do Litoral Norte<\/b><\/h2>\n<p><span style=\"font-weight: 400;\">No domingo (21), a Pra\u00e7a da Cultura tamb\u00e9m servir\u00e1 de palco para a Dan\u00e7a Circular do Litoral Norte, das 9h \u00e0s 11h. O evento, realizado pelo grupo \u2018Onduladan\u00e7a\u2019 com apoio da Secretaria dos Direitos da Pessoa com Defici\u00eancia e do Idoso, celebra o m\u00eas da inclus\u00e3o, a chegada da Primavera e o Dia Internacional da Paz.<\/span><\/p>\n<p><span style=\"font-weight: 400;\">O evento de dan\u00e7a circular \u00e9 aberto ao p\u00fablico e busca promover a integra\u00e7\u00e3o, a inclus\u00e3o e o bem-estar coletivo por meio da dan\u00e7a, al\u00e9m de ser uma oportunidade para todos refletirem sobre a import\u00e2ncia da paz e da conviv\u00eancia harm\u00f4nica.<\/span><\/p>\n","protected":false},"excerpt":{"rendered":"<p>Caraguatatuba ser\u00e1 palco de uma s\u00e9rie de eventos culturais e gastron\u00f4micos entre os dias 19 e 21 de setembro, na Pra\u00e7a da Cultura, no Centro. A cidade recebe a \u201cEdi\u00e7\u00e3o Primavera\u201d do Festival de Foodtruck, al\u00e9m de uma Mostra de Ve\u00edculos Cl\u00e1ssicos e apresenta\u00e7\u00e3o da Dan\u00e7a Circular do Litoral Norte. Festival de Foodtruck O Festival [&hellip;]<\/p>\n","protected":false},"author":26,"featured_media":38149,"comment_status":"open","ping_status":"open","sticky":false,"template":"","format":"standard","meta":{"footnotes":""},"categories":[8,12],"tags":[],"class_list":["post-38148","post","type-post","status-publish","format-standard","has-post-thumbnail","hentry","category-caraguatatuba","category-eventos"],"aioseo_notices":[],"_links":{"self":[{"href":"https:\/\/lrm67.com\/index.php\/wp-json\/wp\/v2\/posts\/38148","targetHints":{"allow":["GET"]}}],"collection":[{"href":"https:\/\/lrm67.com\/index.php\/wp-json\/wp\/v2\/posts"}],"about":[{"href":"https:\/\/lrm67.com\/index.php\/wp-json\/wp\/v2\/types\/post"}],"author":[{"embeddable":true,"href":"https:\/\/lrm67.com\/index.php\/wp-json\/wp\/v2\/users\/26"}],"replies":[{"embeddable":true,"href":"https:\/\/lrm67.com\/index.php\/wp-json\/wp\/v2\/comments?post=38148"}],"version-history":[{"count":1,"href":"https:\/\/lrm67.com\/index.php\/wp-json\/wp\/v2\/posts\/38148\/revisions"}],"predecessor-version":[{"id":38150,"href":"https:\/\/lrm67.com\/index.php\/wp-json\/wp\/v2\/posts\/38148\/revisions\/38150"}],"wp:featuredmedia":[{"embeddable":true,"href":"https:\/\/lrm67.com\/index.php\/wp-json\/wp\/v2\/media\/38149"}],"wp:attachment":[{"href":"https:\/\/lrm67.com\/index.php\/wp-json\/wp\/v2\/media?parent=38148"}],"wp:term":[{"taxonomy":"category","embeddable":true,"href":"https:\/\/lrm67.com\/index.php\/wp-json\/wp\/v2\/categories?post=38148"},{"taxonomy":"post_tag","embeddable":true,"href":"https:\/\/lrm67.com\/index.php\/wp-json\/wp\/v2\/tags?post=38148"}],"curies":[{"name":"wp","href":"https:\/\/api.w.org\/{rel}","templated":true}]}}