{"id":38115,"date":"2025-09-18T11:39:28","date_gmt":"2025-09-18T14:39:28","guid":{"rendered":"https:\/\/lrm67.com\/?p=38115"},"modified":"2025-09-18T11:39:28","modified_gmt":"2025-09-18T14:39:28","slug":"carro-pega-fogo-durante-a-madrugada-no-travessao","status":"publish","type":"post","link":"https:\/\/lrm67.com\/index.php\/2025\/09\/18\/carro-pega-fogo-durante-a-madrugada-no-travessao\/","title":{"rendered":"Carro pega fogo durante a madrugada no Travess\u00e3o"},"content":{"rendered":"<p><strong>Henrique Martins<\/strong><\/p>\n<p><strong>\u00a0<\/strong><\/p>\n<p>Na madrugada desta quinta-feira (18), por volta das 2h45, um carro pegou fogo no bairro Travess\u00e3o, em Caraguatatuba.<\/p>\n<p>O Corpo de Bombeiros foi acionado para a ocorr\u00eancia e enviou ao local a guarni\u00e7\u00e3o do ABS-11401. Ao chegar, a equipe encontrou o ve\u00edculo completamente tomado pelas chamas. Os bombeiros controlaram o inc\u00eandio e fizeram o resfriamento da \u00e1rea para garantir a seguran\u00e7a.<\/p>\n<p>N\u00e3o houve v\u00edtimas e a causa do fogo ainda n\u00e3o foi identificada. Ap\u00f3s o atendimento, o local ficou sob responsabilidade do policiamento da \u00e1rea.<\/p>\n<p>&nbsp;<\/p>\n<pre><strong>Fonte e imagem: Corpo de Bombeiros<\/strong><\/pre>\n","protected":false},"excerpt":{"rendered":"<p>Henrique Martins \u00a0 Na madrugada desta quinta-feira (18), por volta das 2h45, um carro pegou fogo no bairro Travess\u00e3o, em Caraguatatuba. O Corpo de Bombeiros foi acionado para a ocorr\u00eancia e enviou ao local a guarni\u00e7\u00e3o do ABS-11401. Ao chegar, a equipe encontrou o ve\u00edculo completamente tomado pelas chamas. Os bombeiros controlaram o inc\u00eandio e [&hellip;]<\/p>\n","protected":false},"author":26,"featured_media":38116,"comment_status":"open","ping_status":"open","sticky":false,"template":"","format":"standard","meta":{"footnotes":""},"categories":[8,15],"tags":[17,195,194],"class_list":["post-38115","post","type-post","status-publish","format-standard","has-post-thumbnail","hentry","category-caraguatatuba","category-policia","tag-caraguatatuba","tag-corpo-de-bombeiros","tag-policia"],"aioseo_notices":[],"_links":{"self":[{"href":"https:\/\/lrm67.com\/index.php\/wp-json\/wp\/v2\/posts\/38115","targetHints":{"allow":["GET"]}}],"collection":[{"href":"https:\/\/lrm67.com\/index.php\/wp-json\/wp\/v2\/posts"}],"about":[{"href":"https:\/\/lrm67.com\/index.php\/wp-json\/wp\/v2\/types\/post"}],"author":[{"embeddable":true,"href":"https:\/\/lrm67.com\/index.php\/wp-json\/wp\/v2\/users\/26"}],"replies":[{"embeddable":true,"href":"https:\/\/lrm67.com\/index.php\/wp-json\/wp\/v2\/comments?post=38115"}],"version-history":[{"count":1,"href":"https:\/\/lrm67.com\/index.php\/wp-json\/wp\/v2\/posts\/38115\/revisions"}],"predecessor-version":[{"id":38120,"href":"https:\/\/lrm67.com\/index.php\/wp-json\/wp\/v2\/posts\/38115\/revisions\/38120"}],"wp:featuredmedia":[{"embeddable":true,"href":"https:\/\/lrm67.com\/index.php\/wp-json\/wp\/v2\/media\/38116"}],"wp:attachment":[{"href":"https:\/\/lrm67.com\/index.php\/wp-json\/wp\/v2\/media?parent=38115"}],"wp:term":[{"taxonomy":"category","embeddable":true,"href":"https:\/\/lrm67.com\/index.php\/wp-json\/wp\/v2\/categories?post=38115"},{"taxonomy":"post_tag","embeddable":true,"href":"https:\/\/lrm67.com\/index.php\/wp-json\/wp\/v2\/tags?post=38115"}],"curies":[{"name":"wp","href":"https:\/\/api.w.org\/{rel}","templated":true}]}}