{"id":38098,"date":"2025-09-17T16:42:25","date_gmt":"2025-09-17T19:42:25","guid":{"rendered":"https:\/\/lrm67.com\/?p=38098"},"modified":"2025-09-17T16:44:41","modified_gmt":"2025-09-17T19:44:41","slug":"secretaria-de-educacao-de-ilhabela-define-metas-para-reta-final-do-ano-letivo","status":"publish","type":"post","link":"https:\/\/lrm67.com\/index.php\/2025\/09\/17\/secretaria-de-educacao-de-ilhabela-define-metas-para-reta-final-do-ano-letivo\/","title":{"rendered":"Secretaria de Educa\u00e7\u00e3o de Ilhabela define metas para reta final do ano letivo"},"content":{"rendered":"<p>O secret\u00e1rio de Educa\u00e7\u00e3o de Ilhabela, F\u00e1bio Merlin, e o secret\u00e1rio adjunto, Professor Diego Serena, reuniram-se nesta quarta-feira (17\/9) com a equipe pedag\u00f3gica da pasta para alinhar estrat\u00e9gias para a reta final do ano letivo.<\/p>\n<p>Durante o encontro, foram discutidas a\u00e7\u00f5es voltadas para o acompanhamento pedag\u00f3gico, a aplica\u00e7\u00e3o de avalia\u00e7\u00f5es e o fortalecimento da qualidade do ensino na rede municipal.<\/p>\n<p>Entre as prioridades estabelecidas est\u00e3o os programas Alfabetiza Juntos e Flu\u00eancia Leitora, considerados fundamentais para o desenvolvimento da aprendizagem dos estudantes nos primeiros anos escolares.<\/p>\n<p>De acordo com a Secretaria, o objetivo \u00e9 encerrar o ano letivo com resultados consistentes, refor\u00e7ando a forma\u00e7\u00e3o dos alunos e garantindo condi\u00e7\u00f5es para que as metas educacionais deste ano sejam iniciadas em uma base s\u00f3lida em 2026.<\/p>\n<p>\u201cO foco est\u00e1 em oferecer um ensino de qualidade, com acompanhamento constante e apoio \u00e0s escolas, para que nossos estudantes avancem cada vez mais\u201d, destacou o secret\u00e1rio F\u00e1bio Merlin.<\/p>\n<p><img fetchpriority=\"high\" decoding=\"async\" class=\"alignnone size-full wp-image-38099\" src=\"https:\/\/lrm67.com\/wp-content\/uploads\/2025\/09\/Secretaria-de-Educacao-de-Ilhabela-define-metas-para-reta-final-do-ano-letivo-2.jpeg\" alt=\"\" width=\"1600\" height=\"1200\" srcset=\"https:\/\/lrm67.com\/wp-content\/uploads\/2025\/09\/Secretaria-de-Educacao-de-Ilhabela-define-metas-para-reta-final-do-ano-letivo-2.jpeg 1600w, https:\/\/lrm67.com\/wp-content\/uploads\/2025\/09\/Secretaria-de-Educacao-de-Ilhabela-define-metas-para-reta-final-do-ano-letivo-2-300x225.jpeg 300w, https:\/\/lrm67.com\/wp-content\/uploads\/2025\/09\/Secretaria-de-Educacao-de-Ilhabela-define-metas-para-reta-final-do-ano-letivo-2-1024x768.jpeg 1024w, https:\/\/lrm67.com\/wp-content\/uploads\/2025\/09\/Secretaria-de-Educacao-de-Ilhabela-define-metas-para-reta-final-do-ano-letivo-2-768x576.jpeg 768w, https:\/\/lrm67.com\/wp-content\/uploads\/2025\/09\/Secretaria-de-Educacao-de-Ilhabela-define-metas-para-reta-final-do-ano-letivo-2-1536x1152.jpeg 1536w\" sizes=\"(max-width: 1600px) 100vw, 1600px\" \/><\/p>\n","protected":false},"excerpt":{"rendered":"<p>O secret\u00e1rio de Educa\u00e7\u00e3o de Ilhabela, F\u00e1bio Merlin, e o secret\u00e1rio adjunto, Professor Diego Serena, reuniram-se nesta quarta-feira (17\/9) com a equipe pedag\u00f3gica da pasta para alinhar estrat\u00e9gias para a reta final do ano letivo. Durante o encontro, foram discutidas a\u00e7\u00f5es voltadas para o acompanhamento pedag\u00f3gico, a aplica\u00e7\u00e3o de avalia\u00e7\u00f5es e o fortalecimento da qualidade [&hellip;]<\/p>\n","protected":false},"author":26,"featured_media":38100,"comment_status":"open","ping_status":"open","sticky":false,"template":"","format":"standard","meta":{"footnotes":""},"categories":[19,2,3],"tags":[110,33],"class_list":["post-38098","post","type-post","status-publish","format-standard","has-post-thumbnail","hentry","category-educacao","category-geral","category-ilhabela","tag-educacao","tag-ilhabela"],"aioseo_notices":[],"_links":{"self":[{"href":"https:\/\/lrm67.com\/index.php\/wp-json\/wp\/v2\/posts\/38098","targetHints":{"allow":["GET"]}}],"collection":[{"href":"https:\/\/lrm67.com\/index.php\/wp-json\/wp\/v2\/posts"}],"about":[{"href":"https:\/\/lrm67.com\/index.php\/wp-json\/wp\/v2\/types\/post"}],"author":[{"embeddable":true,"href":"https:\/\/lrm67.com\/index.php\/wp-json\/wp\/v2\/users\/26"}],"replies":[{"embeddable":true,"href":"https:\/\/lrm67.com\/index.php\/wp-json\/wp\/v2\/comments?post=38098"}],"version-history":[{"count":1,"href":"https:\/\/lrm67.com\/index.php\/wp-json\/wp\/v2\/posts\/38098\/revisions"}],"predecessor-version":[{"id":38101,"href":"https:\/\/lrm67.com\/index.php\/wp-json\/wp\/v2\/posts\/38098\/revisions\/38101"}],"wp:featuredmedia":[{"embeddable":true,"href":"https:\/\/lrm67.com\/index.php\/wp-json\/wp\/v2\/media\/38100"}],"wp:attachment":[{"href":"https:\/\/lrm67.com\/index.php\/wp-json\/wp\/v2\/media?parent=38098"}],"wp:term":[{"taxonomy":"category","embeddable":true,"href":"https:\/\/lrm67.com\/index.php\/wp-json\/wp\/v2\/categories?post=38098"},{"taxonomy":"post_tag","embeddable":true,"href":"https:\/\/lrm67.com\/index.php\/wp-json\/wp\/v2\/tags?post=38098"}],"curies":[{"name":"wp","href":"https:\/\/api.w.org\/{rel}","templated":true}]}}