{"id":38084,"date":"2025-09-17T12:17:35","date_gmt":"2025-09-17T15:17:35","guid":{"rendered":"https:\/\/lrm67.com\/?p=38084"},"modified":"2025-09-17T12:17:35","modified_gmt":"2025-09-17T15:17:35","slug":"procurado-por-trafico-de-drogas-e-preso-pela-pm-em-ubatuba","status":"publish","type":"post","link":"https:\/\/lrm67.com\/index.php\/2025\/09\/17\/procurado-por-trafico-de-drogas-e-preso-pela-pm-em-ubatuba\/","title":{"rendered":"Procurado por tr\u00e1fico de drogas \u00e9 preso pela PM em Ubatuba"},"content":{"rendered":"<p>Um homem de 31 anos, condenado por tr\u00e1fico de drogas, foi preso pela Pol\u00edcia Militar na noite de segunda-feira (16), no bairro da Figueira, em Ubatuba.<\/p>\n<p>A equipe de R\u00e1dio Patrulhamento com Motocicletas (RPM-3) realizava ronda de rotina quando identificou e abordou o suspeito, j\u00e1 conhecido dos meios policiais. Ap\u00f3s consulta, foi confirmada a exist\u00eancia de um mandado de pris\u00e3o em aberto.<\/p>\n<p>O homem foi conduzido \u00e0 Delegacia de Pol\u00edcia e permanece \u00e0 disposi\u00e7\u00e3o da Justi\u00e7a para o cumprimento da pena de cinco anos de reclus\u00e3o, em regime fechado.<\/p>\n<p>&nbsp;<\/p>\n<p><strong>Fonte e imagem: 20\u00ba Batalh\u00e3o de Pol\u00edcia Militar do Interior<\/strong><\/p>\n","protected":false},"excerpt":{"rendered":"<p>Um homem de 31 anos, condenado por tr\u00e1fico de drogas, foi preso pela Pol\u00edcia Militar na noite de segunda-feira (16), no bairro da Figueira, em Ubatuba. A equipe de R\u00e1dio Patrulhamento com Motocicletas (RPM-3) realizava ronda de rotina quando identificou e abordou o suspeito, j\u00e1 conhecido dos meios policiais. Ap\u00f3s consulta, foi confirmada a exist\u00eancia [&hellip;]<\/p>\n","protected":false},"author":26,"featured_media":38085,"comment_status":"open","ping_status":"open","sticky":false,"template":"","format":"standard","meta":{"footnotes":""},"categories":[15,14],"tags":[194,221,28],"class_list":["post-38084","post","type-post","status-publish","format-standard","has-post-thumbnail","hentry","category-policia","category-ubatuba","tag-policia","tag-policia-militar","tag-ubatuba"],"aioseo_notices":[],"_links":{"self":[{"href":"https:\/\/lrm67.com\/index.php\/wp-json\/wp\/v2\/posts\/38084","targetHints":{"allow":["GET"]}}],"collection":[{"href":"https:\/\/lrm67.com\/index.php\/wp-json\/wp\/v2\/posts"}],"about":[{"href":"https:\/\/lrm67.com\/index.php\/wp-json\/wp\/v2\/types\/post"}],"author":[{"embeddable":true,"href":"https:\/\/lrm67.com\/index.php\/wp-json\/wp\/v2\/users\/26"}],"replies":[{"embeddable":true,"href":"https:\/\/lrm67.com\/index.php\/wp-json\/wp\/v2\/comments?post=38084"}],"version-history":[{"count":1,"href":"https:\/\/lrm67.com\/index.php\/wp-json\/wp\/v2\/posts\/38084\/revisions"}],"predecessor-version":[{"id":38086,"href":"https:\/\/lrm67.com\/index.php\/wp-json\/wp\/v2\/posts\/38084\/revisions\/38086"}],"wp:featuredmedia":[{"embeddable":true,"href":"https:\/\/lrm67.com\/index.php\/wp-json\/wp\/v2\/media\/38085"}],"wp:attachment":[{"href":"https:\/\/lrm67.com\/index.php\/wp-json\/wp\/v2\/media?parent=38084"}],"wp:term":[{"taxonomy":"category","embeddable":true,"href":"https:\/\/lrm67.com\/index.php\/wp-json\/wp\/v2\/categories?post=38084"},{"taxonomy":"post_tag","embeddable":true,"href":"https:\/\/lrm67.com\/index.php\/wp-json\/wp\/v2\/tags?post=38084"}],"curies":[{"name":"wp","href":"https:\/\/api.w.org\/{rel}","templated":true}]}}