{"id":38073,"date":"2025-09-16T20:47:31","date_gmt":"2025-09-16T23:47:31","guid":{"rendered":"https:\/\/lrm67.com\/?p=38073"},"modified":"2025-09-16T23:51:12","modified_gmt":"2025-09-17T02:51:12","slug":"camara-de-ilhabela-aprova-volta-da-cobranca-de-taxa-ambiental","status":"publish","type":"post","link":"https:\/\/lrm67.com\/index.php\/2025\/09\/16\/camara-de-ilhabela-aprova-volta-da-cobranca-de-taxa-ambiental\/","title":{"rendered":"C\u00e2mara de Ilhabela aprova volta da cobran\u00e7a de taxa ambiental"},"content":{"rendered":"<p>Os vereadores de Ilhabela aprovaram, na noite desta ter\u00e7a-feira (16), durante sess\u00e3o extraordin\u00e1ria na C\u00e2mara Municipal, um projeto de lei do Executivo que autoriza a cobran\u00e7a de uma taxa de preserva\u00e7\u00e3o ambiental na sa\u00edda de ve\u00edculos na cidade.<\/p>\n<p>O projeto teve uma emenda aprovada, que alterou alguns pontos do projeto original (veja mais abaixo). O texto final foi aprovado por unanimidade pelos vereadores.<\/p>\n<p>A cobran\u00e7a j\u00e1 aconteceu entre 2007 e 2020, mas foi suspensa na \u00e9poca da pandemia da Covid-19. Outro motivo foi a baixa arrecada\u00e7\u00e3o da taxa.<\/p>\n<p>O projeto de lei enviado pelo prefeito Toninho Colucci (PL) \u00e0 C\u00e2mara Municipal altera algumas regras da lei de 2007, que criou a cobran\u00e7a da taxa ambiental na cidade.<\/p>\n<p>Uma das mudan\u00e7as propostas est\u00e1 no valor da taxa. Caso o projeto de lei seja sancionado, os valores ser\u00e3o os seguintes:<\/p>\n<ul>\n<li>motocicletas: R$ 10<\/li>\n<li>ve\u00edculos (carros de passeio, utilit\u00e1rios e kombi): R$ 48<\/li>\n<li>vans: R$ 70<\/li>\n<li>caminh\u00f5es: R$ 70<\/li>\n<li>micro-\u00f4nibus: R$ 100<\/li>\n<li>\u00f4nibus: R$ 140<\/li>\n<\/ul>\n<p>Outra mudan\u00e7a prevista no projeto original est\u00e1 na maneira como ser\u00e1 feita a cobran\u00e7a: a ideia da prefeitura era que o sistema de cobran\u00e7a fosse feito por meio do fluxo livre (freeflow) ou as tags eletr\u00f4nicas, vedando o pagamento em dinheiro. Uma emenda aprovada, no entanto, autoriza o pagamento em dinheiro, al\u00e9m de cart\u00f5es de d\u00e9bito e cr\u00e9dito, e PIX.<\/p>\n<p>A emenda aprovada tamb\u00e9m estabelece que a empresa que vai administrar o servi\u00e7o deve criar fila priorit\u00e1ria para os moradores de Ilhabela.<\/p>\n<p>A Prefeitura explicou ao g1 que, at\u00e9 2020, a taxa era cobrada na sa\u00edda dos turistas de Ilhabela, antes do embarque na travessia de balsa. A cobran\u00e7a era de uma taxa por ve\u00edculo, independente do n\u00famero de dias dos turistas na cidade.<\/p>\n<p>O prefeito destacou que, na vis\u00e3o dele, a cobran\u00e7a \u00e9 necess\u00e1ria tamb\u00e9m diante do desfalque dos royalties de petr\u00f3leo, que ocorreu ap\u00f3s a disputa judicial com S\u00e3o Sebasti\u00e3o.<\/p>\n<p>No projeto, a prefeitura defendia a cobran\u00e7a da taxa ambiental \u201ccomo instrumento de compensa\u00e7\u00e3o ambiental e de financiamento de pol\u00edticas p\u00fablicas voltadas \u00e0 sustentabilidade e \u00e0 mitiga\u00e7\u00e3o dos impactos decorrentes do aumento sazonal da popula\u00e7\u00e3o. Al\u00e9m disso, destaca-se o atual cen\u00e1rio de queda acentuada na arrecada\u00e7\u00e3o de royalties do petr\u00f3leo e a consequente necessidade de readequa\u00e7\u00e3o or\u00e7ament\u00e1ria da Administra\u00e7\u00e3o P\u00fablica Municipal\u201d.<br \/>\nAgora, o projeto deve aguardar a san\u00e7\u00e3o do prefeito, que \u00e9 o autor da proposta, para entrar em vigor.<\/p>\n<pre>Com G1<\/pre>\n","protected":false},"excerpt":{"rendered":"<p>Os vereadores de Ilhabela aprovaram, na noite desta ter\u00e7a-feira (16), durante sess\u00e3o extraordin\u00e1ria na C\u00e2mara Municipal, um projeto de lei do Executivo que autoriza a cobran\u00e7a de uma taxa de preserva\u00e7\u00e3o ambiental na sa\u00edda de ve\u00edculos na cidade. O projeto teve uma emenda aprovada, que alterou alguns pontos do projeto original (veja mais abaixo). O [&hellip;]<\/p>\n","protected":false},"author":26,"featured_media":38074,"comment_status":"open","ping_status":"open","sticky":false,"template":"","format":"standard","meta":{"footnotes":""},"categories":[3,16],"tags":[],"class_list":["post-38073","post","type-post","status-publish","format-standard","has-post-thumbnail","hentry","category-ilhabela","category-politica"],"aioseo_notices":[],"_links":{"self":[{"href":"https:\/\/lrm67.com\/index.php\/wp-json\/wp\/v2\/posts\/38073","targetHints":{"allow":["GET"]}}],"collection":[{"href":"https:\/\/lrm67.com\/index.php\/wp-json\/wp\/v2\/posts"}],"about":[{"href":"https:\/\/lrm67.com\/index.php\/wp-json\/wp\/v2\/types\/post"}],"author":[{"embeddable":true,"href":"https:\/\/lrm67.com\/index.php\/wp-json\/wp\/v2\/users\/26"}],"replies":[{"embeddable":true,"href":"https:\/\/lrm67.com\/index.php\/wp-json\/wp\/v2\/comments?post=38073"}],"version-history":[{"count":1,"href":"https:\/\/lrm67.com\/index.php\/wp-json\/wp\/v2\/posts\/38073\/revisions"}],"predecessor-version":[{"id":38075,"href":"https:\/\/lrm67.com\/index.php\/wp-json\/wp\/v2\/posts\/38073\/revisions\/38075"}],"wp:featuredmedia":[{"embeddable":true,"href":"https:\/\/lrm67.com\/index.php\/wp-json\/wp\/v2\/media\/38074"}],"wp:attachment":[{"href":"https:\/\/lrm67.com\/index.php\/wp-json\/wp\/v2\/media?parent=38073"}],"wp:term":[{"taxonomy":"category","embeddable":true,"href":"https:\/\/lrm67.com\/index.php\/wp-json\/wp\/v2\/categories?post=38073"},{"taxonomy":"post_tag","embeddable":true,"href":"https:\/\/lrm67.com\/index.php\/wp-json\/wp\/v2\/tags?post=38073"}],"curies":[{"name":"wp","href":"https:\/\/api.w.org\/{rel}","templated":true}]}}