{"id":38070,"date":"2025-09-16T18:37:57","date_gmt":"2025-09-16T21:37:57","guid":{"rendered":"https:\/\/lrm67.com\/?p=38070"},"modified":"2025-09-16T23:44:34","modified_gmt":"2025-09-17T02:44:34","slug":"ubatuba-reforca-protecao-das-areas-de-preservacao","status":"publish","type":"post","link":"https:\/\/lrm67.com\/index.php\/2025\/09\/16\/ubatuba-reforca-protecao-das-areas-de-preservacao\/","title":{"rendered":"Ubatuba refor\u00e7a prote\u00e7\u00e3o das \u00e1reas de preserva\u00e7\u00e3o"},"content":{"rendered":"<p style=\"font-weight: 400;\">A secretaria de Meio Ambiente anunciou medidas firmes contra caminh\u00f5es que realizam despejo irregular de entulhos na cidade. A a\u00e7\u00e3o tem como foco a prote\u00e7\u00e3o das \u00e1reas de mata ciliar, fundamentais para a preserva\u00e7\u00e3o dos rios e do ecossistema local.<\/p>\n<p style=\"font-weight: 400;\">De acordo com den\u00fancias recebidas, caminh\u00f5es particulares v\u00eam depositando res\u00edduos na mata ciliar do rio Perequ\u00ea-A\u00e7u, na regi\u00e3o do final da Rua Rio Grande do Sul, como se estivessem abrindo uma nova rua, causando impactos ambientais graves.<\/p>\n<blockquote>\n<p style=\"font-weight: 400;\">\u201cEstamos comunicando a Pol\u00edcia Militar Ambiental para que sejam feitas apreens\u00f5es de caminh\u00f5es irregulares. N\u00e3o vamos permitir que pr\u00e1ticas como essa prejudiquem nossas \u00e1reas de preserva\u00e7\u00e3o. O lan\u00e7amento de entulho em \u00e1reas de mata \u00e9 crime ambiental e ter\u00e1 consequ\u00eancias para os respons\u00e1veis\u201d, destacou o secret\u00e1rio de Meio Ambiente, Guilherme Arantes.<\/p>\n<\/blockquote>\n<p style=\"font-weight: 400;\">A Prefeitura refor\u00e7a que o descarte correto de res\u00edduos de constru\u00e7\u00e3o e demoli\u00e7\u00e3o deve ser feito nos ecopontos municipais, locais adequados e licenciados para o recebimento de entulhos, evitando danos ambientais e riscos \u00e0 sa\u00fade p\u00fablica.<\/p>\n","protected":false},"excerpt":{"rendered":"<p>A secretaria de Meio Ambiente anunciou medidas firmes contra caminh\u00f5es que realizam despejo irregular de entulhos na cidade. A a\u00e7\u00e3o tem como foco a prote\u00e7\u00e3o das \u00e1reas de mata ciliar, fundamentais para a preserva\u00e7\u00e3o dos rios e do ecossistema local. De acordo com den\u00fancias recebidas, caminh\u00f5es particulares v\u00eam depositando res\u00edduos na mata ciliar do rio [&hellip;]<\/p>\n","protected":false},"author":26,"featured_media":38071,"comment_status":"open","ping_status":"open","sticky":false,"template":"","format":"standard","meta":{"footnotes":""},"categories":[2,18,14],"tags":[],"class_list":["post-38070","post","type-post","status-publish","format-standard","has-post-thumbnail","hentry","category-geral","category-meio-ambiente","category-ubatuba"],"aioseo_notices":[],"_links":{"self":[{"href":"https:\/\/lrm67.com\/index.php\/wp-json\/wp\/v2\/posts\/38070","targetHints":{"allow":["GET"]}}],"collection":[{"href":"https:\/\/lrm67.com\/index.php\/wp-json\/wp\/v2\/posts"}],"about":[{"href":"https:\/\/lrm67.com\/index.php\/wp-json\/wp\/v2\/types\/post"}],"author":[{"embeddable":true,"href":"https:\/\/lrm67.com\/index.php\/wp-json\/wp\/v2\/users\/26"}],"replies":[{"embeddable":true,"href":"https:\/\/lrm67.com\/index.php\/wp-json\/wp\/v2\/comments?post=38070"}],"version-history":[{"count":1,"href":"https:\/\/lrm67.com\/index.php\/wp-json\/wp\/v2\/posts\/38070\/revisions"}],"predecessor-version":[{"id":38072,"href":"https:\/\/lrm67.com\/index.php\/wp-json\/wp\/v2\/posts\/38070\/revisions\/38072"}],"wp:featuredmedia":[{"embeddable":true,"href":"https:\/\/lrm67.com\/index.php\/wp-json\/wp\/v2\/media\/38071"}],"wp:attachment":[{"href":"https:\/\/lrm67.com\/index.php\/wp-json\/wp\/v2\/media?parent=38070"}],"wp:term":[{"taxonomy":"category","embeddable":true,"href":"https:\/\/lrm67.com\/index.php\/wp-json\/wp\/v2\/categories?post=38070"},{"taxonomy":"post_tag","embeddable":true,"href":"https:\/\/lrm67.com\/index.php\/wp-json\/wp\/v2\/tags?post=38070"}],"curies":[{"name":"wp","href":"https:\/\/api.w.org\/{rel}","templated":true}]}}