{"id":38058,"date":"2025-09-16T16:16:32","date_gmt":"2025-09-16T19:16:32","guid":{"rendered":"https:\/\/lrm67.com\/?p=38058"},"modified":"2025-09-16T23:22:13","modified_gmt":"2025-09-17T02:22:13","slug":"prefeitura-de-sao-sebastiao-comemora-world-cleanup-day-com-acao-de-limpeza-na-praia-grande-neste-sabado","status":"publish","type":"post","link":"https:\/\/lrm67.com\/index.php\/2025\/09\/16\/prefeitura-de-sao-sebastiao-comemora-world-cleanup-day-com-acao-de-limpeza-na-praia-grande-neste-sabado\/","title":{"rendered":"Prefeitura de S\u00e3o Sebasti\u00e3o comemora \u2018World Cleanup Day\u2019 com a\u00e7\u00e3o de limpeza na Praia Grande neste s\u00e1bado"},"content":{"rendered":"<p>A Prefeitura de S\u00e3o Sebasti\u00e3o, por meio da Secretaria do Meio Ambiente (Semam), celebra o movimento \u2018World Cleanup Day\u2019 (Dia Mundial da Limpeza), conhecido por buscar a conscientiza\u00e7\u00e3o sobre a import\u00e2ncia da conserva\u00e7\u00e3o ambiental e da gest\u00e3o de res\u00edduos, neste s\u00e1bado (20), a partir das 9h, com uma a\u00e7\u00e3o de limpeza na Praia Grande (Balne\u00e1rio dos Trabalhadores), regi\u00e3o central do munic\u00edpio.<\/p>\n<p>A a\u00e7\u00e3o \u00e9 aberta ao p\u00fablico em geral, contando com apoio da equipe da Divis\u00e3o Socioambiental da Semam, representantes e alunos dos Institutos Argonauta e Supereco, al\u00e9m de membros da ONG Skate Salva.<\/p>\n<p>Esse movimento foi criado pela ONG Let\u00b4s do it World, em 2018, na Est\u00f4nia, e j\u00e1 reuniu 114 milh\u00f5es de volunt\u00e1rios, sendo eles, integrantes da sociedade civil, governos e organiza\u00e7\u00f5es de 211 pa\u00edses. O movimento \u00e9 t\u00e3o aclamado que se tornou uma data oficial do calend\u00e1rio das Organiza\u00e7\u00f5es das Na\u00e7\u00f5es Unidas (ONU), em 2024.<\/p>\n<p>A inten\u00e7\u00e3o \u00e9 ajudar na preserva\u00e7\u00e3o do meio ambiente e no combate contra a crise de descarte irregular de lixo, compartilhando o ideal de um mundo com menos res\u00edduos.<\/p>\n<p>\u201cMais do que uma a\u00e7\u00e3o de limpeza, o \u2018World Cleanup Day\u2019 \u00e9 um chamado \u00e0 conscientiza\u00e7\u00e3o coletiva. Quando a comunidade, estudantes, organiza\u00e7\u00f5es e volunt\u00e1rios se unem em prol do meio ambiente, mostramos que \u00e9 poss\u00edvel transformar h\u00e1bitos e cuidar do nosso patrim\u00f4nio natural. Preservar a Praia Grande e todo o nosso litoral \u00e9 garantir qualidade de vida para as pr\u00f3ximas gera\u00e7\u00f5es\u201d, destacou o secret\u00e1rio do Meio Ambiente de S\u00e3o Sebasti\u00e3o, Fl\u00e1vio Queiroz.<\/p>\n","protected":false},"excerpt":{"rendered":"<p>A Prefeitura de S\u00e3o Sebasti\u00e3o, por meio da Secretaria do Meio Ambiente (Semam), celebra o movimento \u2018World Cleanup Day\u2019 (Dia Mundial da Limpeza), conhecido por buscar a conscientiza\u00e7\u00e3o sobre a import\u00e2ncia da conserva\u00e7\u00e3o ambiental e da gest\u00e3o de res\u00edduos, neste s\u00e1bado (20), a partir das 9h, com uma a\u00e7\u00e3o de limpeza na Praia Grande (Balne\u00e1rio [&hellip;]<\/p>\n","protected":false},"author":26,"featured_media":38059,"comment_status":"open","ping_status":"open","sticky":false,"template":"","format":"standard","meta":{"footnotes":""},"categories":[2,18,13],"tags":[],"class_list":["post-38058","post","type-post","status-publish","format-standard","has-post-thumbnail","hentry","category-geral","category-meio-ambiente","category-sao-sebastiao"],"aioseo_notices":[],"_links":{"self":[{"href":"https:\/\/lrm67.com\/index.php\/wp-json\/wp\/v2\/posts\/38058","targetHints":{"allow":["GET"]}}],"collection":[{"href":"https:\/\/lrm67.com\/index.php\/wp-json\/wp\/v2\/posts"}],"about":[{"href":"https:\/\/lrm67.com\/index.php\/wp-json\/wp\/v2\/types\/post"}],"author":[{"embeddable":true,"href":"https:\/\/lrm67.com\/index.php\/wp-json\/wp\/v2\/users\/26"}],"replies":[{"embeddable":true,"href":"https:\/\/lrm67.com\/index.php\/wp-json\/wp\/v2\/comments?post=38058"}],"version-history":[{"count":1,"href":"https:\/\/lrm67.com\/index.php\/wp-json\/wp\/v2\/posts\/38058\/revisions"}],"predecessor-version":[{"id":38060,"href":"https:\/\/lrm67.com\/index.php\/wp-json\/wp\/v2\/posts\/38058\/revisions\/38060"}],"wp:featuredmedia":[{"embeddable":true,"href":"https:\/\/lrm67.com\/index.php\/wp-json\/wp\/v2\/media\/38059"}],"wp:attachment":[{"href":"https:\/\/lrm67.com\/index.php\/wp-json\/wp\/v2\/media?parent=38058"}],"wp:term":[{"taxonomy":"category","embeddable":true,"href":"https:\/\/lrm67.com\/index.php\/wp-json\/wp\/v2\/categories?post=38058"},{"taxonomy":"post_tag","embeddable":true,"href":"https:\/\/lrm67.com\/index.php\/wp-json\/wp\/v2\/tags?post=38058"}],"curies":[{"name":"wp","href":"https:\/\/api.w.org\/{rel}","templated":true}]}}