{"id":38052,"date":"2025-09-16T16:05:56","date_gmt":"2025-09-16T19:05:56","guid":{"rendered":"https:\/\/lrm67.com\/?p=38052"},"modified":"2025-09-16T23:07:44","modified_gmt":"2025-09-17T02:07:44","slug":"policia-municipal-de-sao-sebastiao-recebe-primeira-base-comunitaria-movel-da-regiao","status":"publish","type":"post","link":"https:\/\/lrm67.com\/index.php\/2025\/09\/16\/policia-municipal-de-sao-sebastiao-recebe-primeira-base-comunitaria-movel-da-regiao\/","title":{"rendered":"Pol\u00edcia Municipal de S\u00e3o Sebasti\u00e3o recebe primeira base comunit\u00e1ria m\u00f3vel da regi\u00e3o"},"content":{"rendered":"<p>A Pol\u00edcia Municipal de S\u00e3o Sebasti\u00e3o recebeu no come\u00e7o de setembro a primeira Base Comunit\u00e1ria M\u00f3vel. O ve\u00edculo vai ser levado para estar presente em grandes eventos ou opera\u00e7\u00f5es da corpora\u00e7\u00e3o.<\/p>\n<p>O ve\u00edculo Ford j\u00e1 pertencia \u00e0 Prefeitura e foi adaptado para se transformar em um equipamento de seguran\u00e7a p\u00fablica. Com capacidade para transportar at\u00e9 12 policiais municipais, ela tamb\u00e9m conta com espa\u00e7o para notebook, computador, impressora que v\u00e3o agilizar o trabalho das equipes de prontid\u00e3o.<\/p>\n<p>O comandante da Pol\u00edcia Municipal, Andr\u00e9 Maciel, explica que a van ela ser\u00e1 usada como uma extens\u00e3o da base f\u00edsica que hoje funciona no Complexo Tur\u00edstico da Rua da Praia. \u201c\u00c9 uma base comunit\u00e1ria da Pol\u00edcia Municipal que vai para os bairros necess\u00e1rios, com o policiamento presente\u201d, refor\u00e7a.<\/p>\n<p>Um exemplo dessa iniciativa de estar mais presente com opera\u00e7\u00e3o satura\u00e7\u00e3o, ocorreu no final de semana quando havia informa\u00e7\u00e3o de um fluxo que seria realizado na Vale Sahy. \u201cFizemos uma grande opera\u00e7\u00e3o no local, com v\u00e1rios policiais municipais e o baile funk marcado para a via p\u00fablica foi inibido\u201d.<\/p>\n<p>O prefeito Reinaldinho Moreira explicou que vem de um trabalho para refor\u00e7ar a seguran\u00e7a p\u00fablica e que a van vai refor\u00e7ar ainda mais as medidas adotadas.\u00a0 \u201cEsse ve\u00edculo vem para auxiliar ainda mais a presen\u00e7a da Pol\u00edcia Municipal e trazer seguran\u00e7a para a cidade de S\u00e3o Sebasti\u00e3o.Com presen\u00e7a firme e atua\u00e7\u00e3o constante a criminalidade n\u00e3o tem vez por aqui\u201d.<\/p>\n<p>A Pol\u00edcia Municipal ainda recebeu mais duas motociclistas da prefeitura e a doa\u00e7\u00e3o de duas bicicletas, por meio da Associa\u00e7\u00e3o Comercial e Empresarial de S\u00e3o Sebasti\u00e3o (ACE-SS) que v\u00e3o utilizadas no patrulhamento na regi\u00e3o comercial da cidade.<\/p>\n<p>Outros dois ve\u00edculos est\u00e3o previsto para chegar em outubro, bem como a nova base da Pol\u00edcia Municipal no bairro S\u00e3o Francisco est\u00e1 em fase de conclus\u00e3o para ser inaugura em breve.<\/p>\n<p>Ainda de olho da seguran\u00e7a, o prefeito Reinaldinho faz gest\u00e3o para a instala\u00e7\u00e3o de um espa\u00e7o na Costa Sul que vai servir de apoio para as for\u00e7as de seguran\u00e7a que atuam no munic\u00edpio.<\/p>\n","protected":false},"excerpt":{"rendered":"<p>A Pol\u00edcia Municipal de S\u00e3o Sebasti\u00e3o recebeu no come\u00e7o de setembro a primeira Base Comunit\u00e1ria M\u00f3vel. O ve\u00edculo vai ser levado para estar presente em grandes eventos ou opera\u00e7\u00f5es da corpora\u00e7\u00e3o. O ve\u00edculo Ford j\u00e1 pertencia \u00e0 Prefeitura e foi adaptado para se transformar em um equipamento de seguran\u00e7a p\u00fablica. Com capacidade para transportar at\u00e9 [&hellip;]<\/p>\n","protected":false},"author":26,"featured_media":38053,"comment_status":"open","ping_status":"open","sticky":false,"template":"","format":"standard","meta":{"footnotes":""},"categories":[15,13],"tags":[],"class_list":["post-38052","post","type-post","status-publish","format-standard","has-post-thumbnail","hentry","category-policia","category-sao-sebastiao"],"aioseo_notices":[],"_links":{"self":[{"href":"https:\/\/lrm67.com\/index.php\/wp-json\/wp\/v2\/posts\/38052","targetHints":{"allow":["GET"]}}],"collection":[{"href":"https:\/\/lrm67.com\/index.php\/wp-json\/wp\/v2\/posts"}],"about":[{"href":"https:\/\/lrm67.com\/index.php\/wp-json\/wp\/v2\/types\/post"}],"author":[{"embeddable":true,"href":"https:\/\/lrm67.com\/index.php\/wp-json\/wp\/v2\/users\/26"}],"replies":[{"embeddable":true,"href":"https:\/\/lrm67.com\/index.php\/wp-json\/wp\/v2\/comments?post=38052"}],"version-history":[{"count":1,"href":"https:\/\/lrm67.com\/index.php\/wp-json\/wp\/v2\/posts\/38052\/revisions"}],"predecessor-version":[{"id":38054,"href":"https:\/\/lrm67.com\/index.php\/wp-json\/wp\/v2\/posts\/38052\/revisions\/38054"}],"wp:featuredmedia":[{"embeddable":true,"href":"https:\/\/lrm67.com\/index.php\/wp-json\/wp\/v2\/media\/38053"}],"wp:attachment":[{"href":"https:\/\/lrm67.com\/index.php\/wp-json\/wp\/v2\/media?parent=38052"}],"wp:term":[{"taxonomy":"category","embeddable":true,"href":"https:\/\/lrm67.com\/index.php\/wp-json\/wp\/v2\/categories?post=38052"},{"taxonomy":"post_tag","embeddable":true,"href":"https:\/\/lrm67.com\/index.php\/wp-json\/wp\/v2\/tags?post=38052"}],"curies":[{"name":"wp","href":"https:\/\/api.w.org\/{rel}","templated":true}]}}