{"id":38040,"date":"2025-09-16T17:33:56","date_gmt":"2025-09-16T20:33:56","guid":{"rendered":"https:\/\/lrm67.com\/?p=38040"},"modified":"2025-09-16T17:33:56","modified_gmt":"2025-09-16T20:33:56","slug":"prefeitura-de-ilhabela-promove-encontro-formativo-para-educacao-especial-e-inclusiva","status":"publish","type":"post","link":"https:\/\/lrm67.com\/index.php\/2025\/09\/16\/prefeitura-de-ilhabela-promove-encontro-formativo-para-educacao-especial-e-inclusiva\/","title":{"rendered":"Prefeitura de Ilhabela promove Encontro Formativo para Educa\u00e7\u00e3o Especial e Inclusiva"},"content":{"rendered":"<p>A Prefeitura de Ilhabela, por meio da Secretaria de Educa\u00e7\u00e3o, reafirmou nesta ter\u00e7a-feira (16\/9) o compromisso com a educa\u00e7\u00e3o inclusiva ao promover mais um Encontro Formativo para profissionais da rede municipal que atuam nas Salas de Atendimento Municipal de Educa\u00e7\u00e3o Especial e Inclusiva (AMEEI).<\/p>\n<p>Realizado no Centro de Apoio Pedag\u00f3gico Inclusivo (CAPI), o encontro reuniu educadores que tiveram a oportunidade de se atualizar sobre pr\u00e1ticas pedag\u00f3gicas voltadas para a inclus\u00e3o. Al\u00e9m da troca de experi\u00eancias, os professores participaram de momentos de escuta e di\u00e1logo, fundamentais para aprimorar a fluidez do trabalho em equipe e o planejamento das a\u00e7\u00f5es.<\/p>\n<p>Segundo a Secretaria de Educa\u00e7\u00e3o, forma\u00e7\u00f5es cont\u00ednuas como esta refor\u00e7am a import\u00e2ncia de oferecer condi\u00e7\u00f5es adequadas para que todos os alunos tenham acesso a um ensino de qualidade, respeitando as particularidades de cada um.<\/p>\n<p>A Prefeitura de Ilhabela refor\u00e7a o compromisso em valorizar seus profissionais da educa\u00e7\u00e3o e investir em pol\u00edticas p\u00fablicas que assegurem igualdade de oportunidades para todos os estudantes.<\/p>\n<p><img fetchpriority=\"high\" decoding=\"async\" class=\"alignnone size-full wp-image-38041\" src=\"https:\/\/lrm67.com\/wp-content\/uploads\/2025\/09\/Prefeitura-promove-Encontro-Formativo-para-Educacao-Especial-e-Inclusiva-3.jpg\" alt=\"\" width=\"1600\" height=\"1200\" srcset=\"https:\/\/lrm67.com\/wp-content\/uploads\/2025\/09\/Prefeitura-promove-Encontro-Formativo-para-Educacao-Especial-e-Inclusiva-3.jpg 1600w, https:\/\/lrm67.com\/wp-content\/uploads\/2025\/09\/Prefeitura-promove-Encontro-Formativo-para-Educacao-Especial-e-Inclusiva-3-300x225.jpg 300w, https:\/\/lrm67.com\/wp-content\/uploads\/2025\/09\/Prefeitura-promove-Encontro-Formativo-para-Educacao-Especial-e-Inclusiva-3-1024x768.jpg 1024w, https:\/\/lrm67.com\/wp-content\/uploads\/2025\/09\/Prefeitura-promove-Encontro-Formativo-para-Educacao-Especial-e-Inclusiva-3-768x576.jpg 768w, https:\/\/lrm67.com\/wp-content\/uploads\/2025\/09\/Prefeitura-promove-Encontro-Formativo-para-Educacao-Especial-e-Inclusiva-3-1536x1152.jpg 1536w\" sizes=\"(max-width: 1600px) 100vw, 1600px\" \/><\/p>\n","protected":false},"excerpt":{"rendered":"<p>A Prefeitura de Ilhabela, por meio da Secretaria de Educa\u00e7\u00e3o, reafirmou nesta ter\u00e7a-feira (16\/9) o compromisso com a educa\u00e7\u00e3o inclusiva ao promover mais um Encontro Formativo para profissionais da rede municipal que atuam nas Salas de Atendimento Municipal de Educa\u00e7\u00e3o Especial e Inclusiva (AMEEI). Realizado no Centro de Apoio Pedag\u00f3gico Inclusivo (CAPI), o encontro reuniu [&hellip;]<\/p>\n","protected":false},"author":26,"featured_media":38042,"comment_status":"open","ping_status":"open","sticky":false,"template":"","format":"standard","meta":{"footnotes":""},"categories":[3,16],"tags":[33,114],"class_list":["post-38040","post","type-post","status-publish","format-standard","has-post-thumbnail","hentry","category-ilhabela","category-politica","tag-ilhabela","tag-politica"],"aioseo_notices":[],"_links":{"self":[{"href":"https:\/\/lrm67.com\/index.php\/wp-json\/wp\/v2\/posts\/38040","targetHints":{"allow":["GET"]}}],"collection":[{"href":"https:\/\/lrm67.com\/index.php\/wp-json\/wp\/v2\/posts"}],"about":[{"href":"https:\/\/lrm67.com\/index.php\/wp-json\/wp\/v2\/types\/post"}],"author":[{"embeddable":true,"href":"https:\/\/lrm67.com\/index.php\/wp-json\/wp\/v2\/users\/26"}],"replies":[{"embeddable":true,"href":"https:\/\/lrm67.com\/index.php\/wp-json\/wp\/v2\/comments?post=38040"}],"version-history":[{"count":1,"href":"https:\/\/lrm67.com\/index.php\/wp-json\/wp\/v2\/posts\/38040\/revisions"}],"predecessor-version":[{"id":38043,"href":"https:\/\/lrm67.com\/index.php\/wp-json\/wp\/v2\/posts\/38040\/revisions\/38043"}],"wp:featuredmedia":[{"embeddable":true,"href":"https:\/\/lrm67.com\/index.php\/wp-json\/wp\/v2\/media\/38042"}],"wp:attachment":[{"href":"https:\/\/lrm67.com\/index.php\/wp-json\/wp\/v2\/media?parent=38040"}],"wp:term":[{"taxonomy":"category","embeddable":true,"href":"https:\/\/lrm67.com\/index.php\/wp-json\/wp\/v2\/categories?post=38040"},{"taxonomy":"post_tag","embeddable":true,"href":"https:\/\/lrm67.com\/index.php\/wp-json\/wp\/v2\/tags?post=38040"}],"curies":[{"name":"wp","href":"https:\/\/api.w.org\/{rel}","templated":true}]}}