{"id":38036,"date":"2025-09-16T17:22:34","date_gmt":"2025-09-16T20:22:34","guid":{"rendered":"https:\/\/lrm67.com\/?p=38036"},"modified":"2025-09-16T17:24:53","modified_gmt":"2025-09-16T20:24:53","slug":"ilhabela-debate-retorno-da-tpa-com-mudancas-na-cobranca-e-nos-valores","status":"publish","type":"post","link":"https:\/\/lrm67.com\/index.php\/2025\/09\/16\/ilhabela-debate-retorno-da-tpa-com-mudancas-na-cobranca-e-nos-valores\/","title":{"rendered":"Ilhabela debate retorno da TPA com mudan\u00e7as na cobran\u00e7a e nos valores"},"content":{"rendered":"<p><strong>Henrique Martins<\/strong><\/p>\n<p>&nbsp;<\/p>\n<p>Em uma audi\u00eancia p\u00fablica realizada nesta segunda-feira (15), a C\u00e2mara Municipal de Ilhabela reuniu vereadores, o prefeito Toninho Colucci, a secret\u00e1ria de meio-ambiente Maria Inez Fazzini, comerciantes, moradores, institui\u00e7\u00f5es e integrantes da cadeia tur\u00edstica para debater a proposta de altera\u00e7\u00e3o da Lei n\u00ba 547\/2007, que trata da Taxa de Preserva\u00e7\u00e3o Ambiental (TPA). A iniciativa busca restabelecer a cobran\u00e7a, suspensa h\u00e1 quatro anos, em um novo formato e com valores atualizados.<\/p>\n<p>O Projeto de Lei n\u00ba 078\/2025, de autoria do Executivo, prop\u00f5e um sistema de pagamento modernizado. com uso de tecnologias autom\u00e1ticas e sem a utiliza\u00e7\u00e3o de dinheiro, al\u00e9m de definir os valores de R$ 10 para motocicletas, R$ 48 para carros e ve\u00edculos utilit\u00e1rios, R$ 70 para vans e caminh\u00f5es, R$ 100 para micro-\u00f4nibus e R$ 140 para \u00f4nibus. Ve\u00edculos com placas de Ilhabela e S\u00e3o Sebasti\u00e3o, al\u00e9m de ambul\u00e2ncias e outros ve\u00edculos oficiais, seguem isentos.<\/p>\n<p>Durante a audi\u00eancia, a justificativa apresentada foi de que a TPA n\u00e3o \u00e9 uma cobran\u00e7a sobre o turismo, mas sim uma taxa de compensa\u00e7\u00e3o pelos impactos ambientais provocados pelo aumento consider\u00e1vel de ve\u00edculos e pessoas, especialmente em per\u00edodos de alta temporada. Os recursos arrecadados, com estimativa bruta de at\u00e9 R$ 45 milh\u00f5es por ano, ser\u00e3o destinados prioritariamente a projetos de educa\u00e7\u00e3o ambiental, limpeza e conserva\u00e7\u00e3o de \u00e1reas protegidas, destina\u00e7\u00e3o final de res\u00edduos, melhoria da infraestrutura e conv\u00eanios voltados \u00e0 preserva\u00e7\u00e3o do meio ambiente.<\/p>\n<p>O debate revelou apoio e questionamentos. Representantes do com\u00e9rcio destacaram a import\u00e2ncia da taxa para promover um turismo sustent\u00e1vel e atrair visitantes ambientalmente conscientes, desde que n\u00e3o haja impacto negativo \u00e0 atividade econ\u00f4mica local. J\u00e1 um morador manifestou preocupa\u00e7\u00e3o com os impactos da TPA sobre o pequeno com\u00e9rcio e as hospedagens de menor porte, al\u00e9m de poss\u00edveis preju\u00edzos ao turismo. Em resposta, o prefeito Toninho Colucci afirmou que, antes da suspens\u00e3o da taxa durante a pandemia, a cobran\u00e7a n\u00e3o havia afetado negativamente o turismo nem a economia.<\/p>\n<p>O pedido de tramita\u00e7\u00e3o em regime de urg\u00eancia foi rejeitado, permitindo que o tema continue sendo discutido. O projeto seguir\u00e1 para an\u00e1lise das comiss\u00f5es permanentes da C\u00e2mara, antes de ser pautado para vota\u00e7\u00e3o em plen\u00e1rio. A audi\u00eancia foi encerrada com agradecimentos aos participantes e o compromisso de manter o debate em aberto.<\/p>\n<p>&nbsp;<\/p>\n<pre><strong>Imagem: Maremar Turismo <\/strong><\/pre>\n","protected":false},"excerpt":{"rendered":"<p>Henrique Martins &nbsp; Em uma audi\u00eancia p\u00fablica realizada nesta segunda-feira (15), a C\u00e2mara Municipal de Ilhabela reuniu vereadores, o prefeito Toninho Colucci, a secret\u00e1ria de meio-ambiente Maria Inez Fazzini, comerciantes, moradores, institui\u00e7\u00f5es e integrantes da cadeia tur\u00edstica para debater a proposta de altera\u00e7\u00e3o da Lei n\u00ba 547\/2007, que trata da Taxa de Preserva\u00e7\u00e3o Ambiental (TPA). [&hellip;]<\/p>\n","protected":false},"author":26,"featured_media":38037,"comment_status":"open","ping_status":"open","sticky":false,"template":"","format":"standard","meta":{"footnotes":""},"categories":[3,18,16],"tags":[234,33,23,306],"class_list":["post-38036","post","type-post","status-publish","format-standard","has-post-thumbnail","hentry","category-ilhabela","category-meio-ambiente","category-politica","tag-camara-municipal-de-ilhabela","tag-ilhabela","tag-meio-ambiente","tag-taxa-de-preservacao-ambiental"],"aioseo_notices":[],"_links":{"self":[{"href":"https:\/\/lrm67.com\/index.php\/wp-json\/wp\/v2\/posts\/38036","targetHints":{"allow":["GET"]}}],"collection":[{"href":"https:\/\/lrm67.com\/index.php\/wp-json\/wp\/v2\/posts"}],"about":[{"href":"https:\/\/lrm67.com\/index.php\/wp-json\/wp\/v2\/types\/post"}],"author":[{"embeddable":true,"href":"https:\/\/lrm67.com\/index.php\/wp-json\/wp\/v2\/users\/26"}],"replies":[{"embeddable":true,"href":"https:\/\/lrm67.com\/index.php\/wp-json\/wp\/v2\/comments?post=38036"}],"version-history":[{"count":2,"href":"https:\/\/lrm67.com\/index.php\/wp-json\/wp\/v2\/posts\/38036\/revisions"}],"predecessor-version":[{"id":38039,"href":"https:\/\/lrm67.com\/index.php\/wp-json\/wp\/v2\/posts\/38036\/revisions\/38039"}],"wp:featuredmedia":[{"embeddable":true,"href":"https:\/\/lrm67.com\/index.php\/wp-json\/wp\/v2\/media\/38037"}],"wp:attachment":[{"href":"https:\/\/lrm67.com\/index.php\/wp-json\/wp\/v2\/media?parent=38036"}],"wp:term":[{"taxonomy":"category","embeddable":true,"href":"https:\/\/lrm67.com\/index.php\/wp-json\/wp\/v2\/categories?post=38036"},{"taxonomy":"post_tag","embeddable":true,"href":"https:\/\/lrm67.com\/index.php\/wp-json\/wp\/v2\/tags?post=38036"}],"curies":[{"name":"wp","href":"https:\/\/api.w.org\/{rel}","templated":true}]}}