{"id":38029,"date":"2025-09-16T14:16:01","date_gmt":"2025-09-16T17:16:01","guid":{"rendered":"https:\/\/lrm67.com\/?p=38029"},"modified":"2025-09-16T14:16:01","modified_gmt":"2025-09-16T17:16:01","slug":"mulher-e-presa-em-flagrante-apos-furtar-duas-lojas-no-centro-de-sao-sebastiao","status":"publish","type":"post","link":"https:\/\/lrm67.com\/index.php\/2025\/09\/16\/mulher-e-presa-em-flagrante-apos-furtar-duas-lojas-no-centro-de-sao-sebastiao\/","title":{"rendered":"Mulher \u00e9 presa em flagrante ap\u00f3s furtar duas lojas no Centro de S\u00e3o Sebasti\u00e3o"},"content":{"rendered":"<p><strong>Henrique Martins<\/strong><\/p>\n<p>&nbsp;<\/p>\n<p>Uma mulher foi presa em flagrante pela Pol\u00edcia Municipal na tarde de segunda-feira (15), ap\u00f3s furtar pe\u00e7as de roupas de duas lojas no Centro de S\u00e3o Sebasti\u00e3o.<\/p>\n<p>Segundo o boletim de ocorr\u00eancia, durante patrulhamento de rotina pelo Centro da cidade, a equipe foi abordada pela gerente da Loja Pernambucanas, que informou que uma mulher havia acabado de subtrair produtos do estabelecimento. Diante das informa\u00e7\u00f5es, os guardas iniciaram buscas pela regi\u00e3o e localizaram a mulher no interior de um t\u00e1xi, estacionado em frente \u00e0 Padaria Elite, na Avenida Guarda Mor Lobo Viana.<\/p>\n<p>Durante a abordagem, a suspeita confessou ter furtado os itens e, com ela, foram encontradas diversas pe\u00e7as de vestu\u00e1rio das Lojas Pernambucanas. Al\u00e9m disso, tamb\u00e9m foram localizados produtos furtados da Lojas Americanas, de onde a mulher admitiu ter subtra\u00eddo os itens anteriormente.<\/p>\n<p>Com a materialidade do crime comprovada e a confiss\u00e3o da suspeita, ela foi conduzida \u00e0 delegacia. No local, representantes legais das duas lojas compareceram e reconheceram as mercadorias como pertencentes aos respectivos estabelecimentos.<\/p>\n<p>Segundo a autoridade policial, os furtos foram praticados em continuidade delitiva, sob as mesmas condi\u00e7\u00f5es de tempo, local e modo de execu\u00e7\u00e3o. Por se tratar de crime reincidente e em flagrante, n\u00e3o houve concess\u00e3o de fian\u00e7a, e foi decretada a pris\u00e3o da suspeita com encaminhamento do caso ao Minist\u00e9rio P\u00fablico.<\/p>\n","protected":false},"excerpt":{"rendered":"<p>Henrique Martins &nbsp; Uma mulher foi presa em flagrante pela Pol\u00edcia Municipal na tarde de segunda-feira (15), ap\u00f3s furtar pe\u00e7as de roupas de duas lojas no Centro de S\u00e3o Sebasti\u00e3o. Segundo o boletim de ocorr\u00eancia, durante patrulhamento de rotina pelo Centro da cidade, a equipe foi abordada pela gerente da Loja Pernambucanas, que informou que [&hellip;]<\/p>\n","protected":false},"author":26,"featured_media":38026,"comment_status":"open","ping_status":"open","sticky":false,"template":"","format":"standard","meta":{"footnotes":""},"categories":[15,13],"tags":[194,222,22],"class_list":["post-38029","post","type-post","status-publish","format-standard","has-post-thumbnail","hentry","category-policia","category-sao-sebastiao","tag-policia","tag-policia-municipal","tag-sao-sebastiao"],"aioseo_notices":[],"_links":{"self":[{"href":"https:\/\/lrm67.com\/index.php\/wp-json\/wp\/v2\/posts\/38029","targetHints":{"allow":["GET"]}}],"collection":[{"href":"https:\/\/lrm67.com\/index.php\/wp-json\/wp\/v2\/posts"}],"about":[{"href":"https:\/\/lrm67.com\/index.php\/wp-json\/wp\/v2\/types\/post"}],"author":[{"embeddable":true,"href":"https:\/\/lrm67.com\/index.php\/wp-json\/wp\/v2\/users\/26"}],"replies":[{"embeddable":true,"href":"https:\/\/lrm67.com\/index.php\/wp-json\/wp\/v2\/comments?post=38029"}],"version-history":[{"count":1,"href":"https:\/\/lrm67.com\/index.php\/wp-json\/wp\/v2\/posts\/38029\/revisions"}],"predecessor-version":[{"id":38030,"href":"https:\/\/lrm67.com\/index.php\/wp-json\/wp\/v2\/posts\/38029\/revisions\/38030"}],"wp:featuredmedia":[{"embeddable":true,"href":"https:\/\/lrm67.com\/index.php\/wp-json\/wp\/v2\/media\/38026"}],"wp:attachment":[{"href":"https:\/\/lrm67.com\/index.php\/wp-json\/wp\/v2\/media?parent=38029"}],"wp:term":[{"taxonomy":"category","embeddable":true,"href":"https:\/\/lrm67.com\/index.php\/wp-json\/wp\/v2\/categories?post=38029"},{"taxonomy":"post_tag","embeddable":true,"href":"https:\/\/lrm67.com\/index.php\/wp-json\/wp\/v2\/tags?post=38029"}],"curies":[{"name":"wp","href":"https:\/\/api.w.org\/{rel}","templated":true}]}}