{"id":38022,"date":"2025-09-16T12:07:35","date_gmt":"2025-09-16T15:07:35","guid":{"rendered":"https:\/\/lrm67.com\/?p=38022"},"modified":"2025-09-16T12:07:35","modified_gmt":"2025-09-16T15:07:35","slug":"morte-brutal-do-delegado-ruy-ferraz-e-ataque-a-sociedade-de-bem-afirma-colucci","status":"publish","type":"post","link":"https:\/\/lrm67.com\/index.php\/2025\/09\/16\/morte-brutal-do-delegado-ruy-ferraz-e-ataque-a-sociedade-de-bem-afirma-colucci\/","title":{"rendered":"Morte brutal do delegado Ruy Ferraz \u00e9 ataque \u00e0 sociedade de bem, afirma Colucci"},"content":{"rendered":"<p>Em nota de pesar publicada no seu perfil pessoa, o prefeito de Ilhabela e presidente do Conselho de Desenvolvimento da RMVale, Toninho Colucci, manifestou profunda tristeza e indigna\u00e7\u00e3o pela morte do delegado Ruy Ferraz Fontes, assassinado na \u00faltima segunda-feira (15) em um covarde atentado no bairro Vila Mirim, em Praia Grande. Em sinal de respeito, Colucci decretou luto oficial de um dia em Ilhabela.<\/p>\n<p>Para o prefeito, a morte de Ruy n\u00e3o pode ser tratada como um epis\u00f3dio isolado. \u201cEle n\u00e3o foi v\u00edtima de um acidente ou de uma fatalidade. Foi brutalmente assassinado por bandidos, e isso deve causar repulsa em toda a sociedade. Quando um homem que dedicou sua vida ao combate ao crime \u00e9 morto dessa forma, n\u00e3o \u00e9 apenas sua fam\u00edlia e seus amigos que sofrem \u2014 \u00e9 toda a sociedade de bem que \u00e9 atingida. Esse crime \u00e9 uma afronta grav\u00edssima, que n\u00e3o pode ser tolerada nem esquecida\u201d, afirmou.<\/p>\n<blockquote><p>Colucci ressaltou ainda a amizade com o delegado e a sintonia de ideias que compartilhavam sobre seguran\u00e7a p\u00fablica. \u201cRuy era um amigo e t\u00ednhamos a mesma vis\u00e3o de uma seguran\u00e7a p\u00fablica firme, eficiente e pr\u00f3xima da popula\u00e7\u00e3o\u201d, disse.<\/p><\/blockquote>\n<p>Com mais de 40 anos de dedica\u00e7\u00e3o \u00e0 Pol\u00edcia Civil de S\u00e3o Paulo, Ruy Ferraz Fontes ocupou cargos de destaque como Delegado Geral, diretor do Departamento de Pol\u00edcia Judici\u00e1ria da Capital, al\u00e9m de ter atuado em unidades estrat\u00e9gicas como o Deic, Denarc e DHPP. Ap\u00f3s a aposentadoria, seguia servindo \u00e0 vida p\u00fablica como secret\u00e1rio de Administra\u00e7\u00e3o de Praia Grande.<\/p>\n<blockquote><p>\u201c\u00c9 uma perda irrepar\u00e1vel que deve sensibilizar e indignar todos n\u00f3s. Ilhabela, o Litoral Norte, o Vale do Para\u00edba e a Serra da Mantiqueira lamentam a morte de um homem que deixou um legado de coragem, compet\u00eancia e compromisso com a sociedade\u201d, completou Colucci.<\/p><\/blockquote>\n<p>O prefeito finalizou deixando seus sentimentos aos familiares, amigos e colegas de profiss\u00e3o, destacando que a mem\u00f3ria e a hist\u00f3ria de Ruy jamais ser\u00e3o esquecidas.<\/p>\n","protected":false},"excerpt":{"rendered":"<p>Em nota de pesar publicada no seu perfil pessoa, o prefeito de Ilhabela e presidente do Conselho de Desenvolvimento da RMVale, Toninho Colucci, manifestou profunda tristeza e indigna\u00e7\u00e3o pela morte do delegado Ruy Ferraz Fontes, assassinado na \u00faltima segunda-feira (15) em um covarde atentado no bairro Vila Mirim, em Praia Grande. Em sinal de respeito, [&hellip;]<\/p>\n","protected":false},"author":26,"featured_media":38023,"comment_status":"open","ping_status":"open","sticky":false,"template":"","format":"standard","meta":{"footnotes":""},"categories":[3,80,15],"tags":[33,32,305,194],"class_list":["post-38022","post","type-post","status-publish","format-standard","has-post-thumbnail","hentry","category-ilhabela","category-litoral-norte","category-policia","tag-ilhabela","tag-litoral-norte","tag-luto","tag-policia"],"aioseo_notices":[],"_links":{"self":[{"href":"https:\/\/lrm67.com\/index.php\/wp-json\/wp\/v2\/posts\/38022","targetHints":{"allow":["GET"]}}],"collection":[{"href":"https:\/\/lrm67.com\/index.php\/wp-json\/wp\/v2\/posts"}],"about":[{"href":"https:\/\/lrm67.com\/index.php\/wp-json\/wp\/v2\/types\/post"}],"author":[{"embeddable":true,"href":"https:\/\/lrm67.com\/index.php\/wp-json\/wp\/v2\/users\/26"}],"replies":[{"embeddable":true,"href":"https:\/\/lrm67.com\/index.php\/wp-json\/wp\/v2\/comments?post=38022"}],"version-history":[{"count":1,"href":"https:\/\/lrm67.com\/index.php\/wp-json\/wp\/v2\/posts\/38022\/revisions"}],"predecessor-version":[{"id":38024,"href":"https:\/\/lrm67.com\/index.php\/wp-json\/wp\/v2\/posts\/38022\/revisions\/38024"}],"wp:featuredmedia":[{"embeddable":true,"href":"https:\/\/lrm67.com\/index.php\/wp-json\/wp\/v2\/media\/38023"}],"wp:attachment":[{"href":"https:\/\/lrm67.com\/index.php\/wp-json\/wp\/v2\/media?parent=38022"}],"wp:term":[{"taxonomy":"category","embeddable":true,"href":"https:\/\/lrm67.com\/index.php\/wp-json\/wp\/v2\/categories?post=38022"},{"taxonomy":"post_tag","embeddable":true,"href":"https:\/\/lrm67.com\/index.php\/wp-json\/wp\/v2\/tags?post=38022"}],"curies":[{"name":"wp","href":"https:\/\/api.w.org\/{rel}","templated":true}]}}