{"id":37953,"date":"2025-09-15T20:21:34","date_gmt":"2025-09-15T23:21:34","guid":{"rendered":"https:\/\/lrm67.com\/?p=37953"},"modified":"2025-09-15T22:10:41","modified_gmt":"2025-09-16T01:10:41","slug":"festa-das-naoes-promve-cultra-gastronomica-e-solidariedade-em-caraguatatuba","status":"publish","type":"post","link":"https:\/\/lrm67.com\/index.php\/2025\/09\/15\/festa-das-naoes-promve-cultra-gastronomica-e-solidariedade-em-caraguatatuba\/","title":{"rendered":"Festa das Na\u00e7\u00f5es promove cultura gastron\u00f4mica e solidariedade em Caraguatatuba"},"content":{"rendered":"<p><span style=\"font-weight: 400;\">Caraguatatuba ser\u00e1 palco da tradicional Festa das Na\u00e7\u00f5es, entre os dias 26 e 28 de setembro. A 3\u00aa edi\u00e7\u00e3o do evento tem entrada gratuita e ser\u00e1 realizada na Pra\u00e7a da Cultura, no Centro. Organizada pela Associa\u00e7\u00e3o Comercial e Empresarial de Caraguatatuba (ACEC), a festa re\u00fane gastronomia, cultura e solidariedade.<\/span><\/p>\n<p><span style=\"font-weight: 400;\">Mais do que um evento gastron\u00f4mico, a festa tamb\u00e9m tem car\u00e1ter social. Toda a renda arrecadada com a venda dos produtos de todas as barracas ser\u00e1 revertida para institui\u00e7\u00f5es e entidades do munic\u00edpio, que desenvolvem trabalhos voltados \u00e0 promo\u00e7\u00e3o da dignidade humana, a capacita\u00e7\u00e3o profissional, a gera\u00e7\u00e3o de renda para pessoas em situa\u00e7\u00e3o de vulnerabilidade social e o acolhimento de animais.<\/span><\/p>\n<p><span style=\"font-weight: 400;\">Ao todo, 17 institui\u00e7\u00f5es que atuam em Caraguatatuba devem participar do evento e representar 13 pa\u00edses com suas comidas t\u00edpicas. A <\/span><span style=\"font-weight: 400;\">Associa\u00e7\u00e3o de Pais e Amigos dos Excepcionais<\/span><span style=\"font-weight: 400;\"> (APAE) ficar\u00e1 com a Inglaterra, a Associa\u00e7\u00e3o de Combate ao C\u00e2ncer com os doces t\u00edpicos do Brasil, e a Casa Beija Flor e o Instituto Surf\u00e9 representar\u00e3o os Estados Unidos. O Fundo Social de Caraguatatuba ser\u00e1 respons\u00e1vel pela barraca do M\u00e9xico.<\/span><\/p>\n<p><span style=\"font-weight: 400;\">A Casa da Amizade ficar\u00e1 com a China, enquanto o Centro Esp\u00edrita Bezerra de Menezes e os Patrulheiros do Rei representar\u00e3o a It\u00e1lia. A Fran\u00e7a ser\u00e1 representada pelo Conselho de Pastores de Caraguatatuba, a Comunidade Terap\u00eautica Luz do Caminho com a culin\u00e1ria nordestina do Brasil, e a Fraternidade Maria Meira ficar\u00e1 com a Argentina.<\/span><\/p>\n<p><span style=\"font-weight: 400;\">O Lions Club representar\u00e1 o L\u00edbano, o Movimento de Amor ao Pr\u00f3ximo ir\u00e1 promover \u00e0 culin\u00e1ria de Portugal, e a Par\u00f3quia Santa Terezinha a gastronomia mineira do Brasil. O Rotary Caraguatatuba Poiares ficar\u00e1 com a Alemanha, o S.O.S Pet Caragu\u00e1 com o Jap\u00e3o, e a Tenda de Umbanda Caboclo Risca Fogo representar\u00e1 a Su\u00ed\u00e7a.<\/span><\/p>\n<p><span style=\"font-weight: 400;\">Al\u00e9m da culin\u00e1ria diversificada, a Festa das Na\u00e7\u00f5es contar\u00e1 com apresenta\u00e7\u00f5es culturais, m\u00fasica e dan\u00e7a que celebram diferentes povos e tradi\u00e7\u00f5es.<\/span><\/p>\n<h2><b>M\u00e9xico<\/b><\/h2>\n<p><span style=\"font-weight: 400;\">Com a responsabilidade de atuar na barraca do M\u00e9xico, o Fundo Social vai oferecer pratos t\u00edpicos do pa\u00eds como burrito, chili, nachos, arroz doce, bolo de pote de chocolate com pimenta e paleta mexicana. Entre as op\u00e7\u00f5es de bebidas, o Fundo Social vai ofertar drinques preparados com tequila e margarita \u2013 todos produzidos a partir de bebidas alco\u00f3licas doadas \u00e0 institui\u00e7\u00e3o.<\/span><\/p>\n<div><strong>Outras not\u00edcias acesse:<\/strong><br \/>\n<a href=\"http:\/\/www.caraguatatuba.sp.gov.br\/\" target=\"_blank\" rel=\"noopener noreferrer\" data-saferedirecturl=\"https:\/\/www.google.com\/url?q=http:\/\/www.caraguatatuba.sp.gov.br\/&amp;source=gmail&amp;ust=1757007836021000&amp;usg=AOvVaw3FhhcavBJs3cUPV0z04ED6\">www.caraguatatuba.sp.gov.br<\/a><\/div>\n<div><a href=\"https:\/\/www.instagram.com\/caraguatatuba_oficial\/\" target=\"_blank\" rel=\"noopener\" data-saferedirecturl=\"https:\/\/www.google.com\/url?q=https:\/\/www.instagram.com\/caraguatatuba_oficial\/&amp;source=gmail&amp;ust=1757007836021000&amp;usg=AOvVaw2qTAnoTV2fob-DunyKHHZO\">https:\/\/www.instagram.com\/<wbr \/>caraguatatuba_oficial\/<\/a><\/div>\n<div><a href=\"https:\/\/www.facebook.com\/prefeituradecaraguatatuba\" target=\"_blank\" rel=\"noopener\" data-saferedirecturl=\"https:\/\/www.google.com\/url?q=https:\/\/www.facebook.com\/prefeituradecaraguatatuba&amp;source=gmail&amp;ust=1757007836021000&amp;usg=AOvVaw2xKnY6v2UnzSP0LRu3IOUA\">https:\/\/www.facebook.com\/<wbr \/>prefeituradecaraguatatuba<\/a><\/div>\n","protected":false},"excerpt":{"rendered":"<p>Caraguatatuba ser\u00e1 palco da tradicional Festa das Na\u00e7\u00f5es, entre os dias 26 e 28 de setembro. A 3\u00aa edi\u00e7\u00e3o do evento tem entrada gratuita e ser\u00e1 realizada na Pra\u00e7a da Cultura, no Centro. Organizada pela Associa\u00e7\u00e3o Comercial e Empresarial de Caraguatatuba (ACEC), a festa re\u00fane gastronomia, cultura e solidariedade. Mais do que um evento gastron\u00f4mico, [&hellip;]<\/p>\n","protected":false},"author":26,"featured_media":37958,"comment_status":"open","ping_status":"open","sticky":false,"template":"","format":"standard","meta":{"footnotes":""},"categories":[8,12,48],"tags":[17,132,303],"class_list":["post-37953","post","type-post","status-publish","format-standard","has-post-thumbnail","hentry","category-caraguatatuba","category-eventos","category-publieditorial","tag-caraguatatuba","tag-eventos","tag-publieditorial"],"aioseo_notices":[],"_links":{"self":[{"href":"https:\/\/lrm67.com\/index.php\/wp-json\/wp\/v2\/posts\/37953","targetHints":{"allow":["GET"]}}],"collection":[{"href":"https:\/\/lrm67.com\/index.php\/wp-json\/wp\/v2\/posts"}],"about":[{"href":"https:\/\/lrm67.com\/index.php\/wp-json\/wp\/v2\/types\/post"}],"author":[{"embeddable":true,"href":"https:\/\/lrm67.com\/index.php\/wp-json\/wp\/v2\/users\/26"}],"replies":[{"embeddable":true,"href":"https:\/\/lrm67.com\/index.php\/wp-json\/wp\/v2\/comments?post=37953"}],"version-history":[{"count":4,"href":"https:\/\/lrm67.com\/index.php\/wp-json\/wp\/v2\/posts\/37953\/revisions"}],"predecessor-version":[{"id":37964,"href":"https:\/\/lrm67.com\/index.php\/wp-json\/wp\/v2\/posts\/37953\/revisions\/37964"}],"wp:featuredmedia":[{"embeddable":true,"href":"https:\/\/lrm67.com\/index.php\/wp-json\/wp\/v2\/media\/37958"}],"wp:attachment":[{"href":"https:\/\/lrm67.com\/index.php\/wp-json\/wp\/v2\/media?parent=37953"}],"wp:term":[{"taxonomy":"category","embeddable":true,"href":"https:\/\/lrm67.com\/index.php\/wp-json\/wp\/v2\/categories?post=37953"},{"taxonomy":"post_tag","embeddable":true,"href":"https:\/\/lrm67.com\/index.php\/wp-json\/wp\/v2\/tags?post=37953"}],"curies":[{"name":"wp","href":"https:\/\/api.w.org\/{rel}","templated":true}]}}