{"id":37907,"date":"2025-09-12T16:11:43","date_gmt":"2025-09-12T19:11:43","guid":{"rendered":"https:\/\/lrm67.com\/?p=37907"},"modified":"2025-09-12T16:11:43","modified_gmt":"2025-09-12T19:11:43","slug":"comerciante-e-preso-por-vender-celular-roubado-em-loja-na-vila-sahy","status":"publish","type":"post","link":"https:\/\/lrm67.com\/index.php\/2025\/09\/12\/comerciante-e-preso-por-vender-celular-roubado-em-loja-na-vila-sahy\/","title":{"rendered":"Comerciante \u00e9 preso por vender celular roubado em loja na Vila Sahy"},"content":{"rendered":"<p>Um comerciante foi preso em flagrante por recepta\u00e7\u00e3o na manh\u00e3 desta quinta-feira (11), em S\u00e3o Sebasti\u00e3o. A pris\u00e3o ocorreu ap\u00f3s policiais civis localizarem um celular roubado exposto \u00e0 venda em um estabelecimento comercial no bairro Vila Sahy.<\/p>\n<p>Durante a a\u00e7\u00e3o, os agentes encontraram sobre o balc\u00e3o da loja um aparelho da marca Apple, modelo iPhone 14, na cor branca, com caracter\u00edsticas id\u00eanticas \u00e0s descritas por uma v\u00edtima de roubo investigado pela Pol\u00edcia Civil. Ao ser questionado, o propriet\u00e1rio do com\u00e9rcio declarou ter adquirido o aparelho de um jovem n\u00e3o identificado e admitiu n\u00e3o possuir nota fiscal nem a embalagem original do produto.<\/p>\n<p>Os policiais realizaram a verifica\u00e7\u00e3o t\u00e9cnica do n\u00famero de identifica\u00e7\u00e3o do aparelho (IMEI) e confirmaram que se tratava do mesmo celular subtra\u00eddo no crime em apura\u00e7\u00e3o.<\/p>\n<p>Para a Pol\u00edcia Civil, a venda do item sem qualquer comprova\u00e7\u00e3o de origem l\u00edcita e a negocia\u00e7\u00e3o informal com pessoa desconhecida caracterizam, em tese, o crime de recepta\u00e7\u00e3o. Diante das evid\u00eancias, o comerciante foi conduzido \u00e0 Delegacia de Pol\u00edcia, onde foi lavrado o auto de pris\u00e3o em flagrante.<\/p>\n","protected":false},"excerpt":{"rendered":"<p>Um comerciante foi preso em flagrante por recepta\u00e7\u00e3o na manh\u00e3 desta quinta-feira (11), em S\u00e3o Sebasti\u00e3o. A pris\u00e3o ocorreu ap\u00f3s policiais civis localizarem um celular roubado exposto \u00e0 venda em um estabelecimento comercial no bairro Vila Sahy. Durante a a\u00e7\u00e3o, os agentes encontraram sobre o balc\u00e3o da loja um aparelho da marca Apple, modelo iPhone [&hellip;]<\/p>\n","protected":false},"author":26,"featured_media":37908,"comment_status":"open","ping_status":"open","sticky":false,"template":"","format":"standard","meta":{"footnotes":""},"categories":[15,13],"tags":[194,204,22],"class_list":["post-37907","post","type-post","status-publish","format-standard","has-post-thumbnail","hentry","category-policia","category-sao-sebastiao","tag-policia","tag-policia-civil","tag-sao-sebastiao"],"aioseo_notices":[],"_links":{"self":[{"href":"https:\/\/lrm67.com\/index.php\/wp-json\/wp\/v2\/posts\/37907","targetHints":{"allow":["GET"]}}],"collection":[{"href":"https:\/\/lrm67.com\/index.php\/wp-json\/wp\/v2\/posts"}],"about":[{"href":"https:\/\/lrm67.com\/index.php\/wp-json\/wp\/v2\/types\/post"}],"author":[{"embeddable":true,"href":"https:\/\/lrm67.com\/index.php\/wp-json\/wp\/v2\/users\/26"}],"replies":[{"embeddable":true,"href":"https:\/\/lrm67.com\/index.php\/wp-json\/wp\/v2\/comments?post=37907"}],"version-history":[{"count":1,"href":"https:\/\/lrm67.com\/index.php\/wp-json\/wp\/v2\/posts\/37907\/revisions"}],"predecessor-version":[{"id":37909,"href":"https:\/\/lrm67.com\/index.php\/wp-json\/wp\/v2\/posts\/37907\/revisions\/37909"}],"wp:featuredmedia":[{"embeddable":true,"href":"https:\/\/lrm67.com\/index.php\/wp-json\/wp\/v2\/media\/37908"}],"wp:attachment":[{"href":"https:\/\/lrm67.com\/index.php\/wp-json\/wp\/v2\/media?parent=37907"}],"wp:term":[{"taxonomy":"category","embeddable":true,"href":"https:\/\/lrm67.com\/index.php\/wp-json\/wp\/v2\/categories?post=37907"},{"taxonomy":"post_tag","embeddable":true,"href":"https:\/\/lrm67.com\/index.php\/wp-json\/wp\/v2\/tags?post=37907"}],"curies":[{"name":"wp","href":"https:\/\/api.w.org\/{rel}","templated":true}]}}