{"id":37904,"date":"2025-09-12T15:55:37","date_gmt":"2025-09-12T18:55:37","guid":{"rendered":"https:\/\/lrm67.com\/?p=37904"},"modified":"2025-09-12T15:55:37","modified_gmt":"2025-09-12T18:55:37","slug":"suspeito-salta-de-terceiro-andar-ao-tentar-fugir-da-policia-em-sao-sebastiao","status":"publish","type":"post","link":"https:\/\/lrm67.com\/index.php\/2025\/09\/12\/suspeito-salta-de-terceiro-andar-ao-tentar-fugir-da-policia-em-sao-sebastiao\/","title":{"rendered":"Suspeito salta de terceiro andar ao tentar fugir da pol\u00edcia em S\u00e3o Sebasti\u00e3o"},"content":{"rendered":"<p><strong>Henrique Martins<\/strong><\/p>\n<p>Um homem suspeito de envolvimento em uma tentativa de assalto ficou ferido ap\u00f3s pular do terceiro andar de um pr\u00e9dio em S\u00e3o Sebasti\u00e3o, durante opera\u00e7\u00e3o policial realizada na manh\u00e3 desta sexta-feira (12). A a\u00e7\u00e3o teve como objetivo cumprir mandados de busca, apreens\u00e3o e pris\u00e3o expedidos contra o investigado.<\/p>\n<p>A a\u00e7\u00e3o foi realizada por equipes da Pol\u00edcia Civil, com apoio da Guarda Civil Municipal e da Pol\u00edcia Militar. O indiv\u00edduo \u00e9 apontado como o principal suspeito em uma tentativa de assalto no bairro Jur\u00e9ia, onde um ve\u00edculo foi alvejado por disparos de arma de fogo na rodovia.<\/p>\n<p>Ao perceber a aproxima\u00e7\u00e3o das equipes no local, o homem tentou fugir saltando pela janela do apartamento, localizado no terceiro andar do pr\u00e9dio, resultando em uma les\u00e3o em sua perna. Ele foi contido ap\u00f3s cerco policial e encaminhado ao hospital municipal pela equipe do Samu, onde permanece sob cuidados m\u00e9dicos.<\/p>\n<p>&nbsp;<\/p>\n<p><strong>Imagem: Pol\u00edcia Civil <\/strong><\/p>\n","protected":false},"excerpt":{"rendered":"<p>Henrique Martins Um homem suspeito de envolvimento em uma tentativa de assalto ficou ferido ap\u00f3s pular do terceiro andar de um pr\u00e9dio em S\u00e3o Sebasti\u00e3o, durante opera\u00e7\u00e3o policial realizada na manh\u00e3 desta sexta-feira (12). A a\u00e7\u00e3o teve como objetivo cumprir mandados de busca, apreens\u00e3o e pris\u00e3o expedidos contra o investigado. A a\u00e7\u00e3o foi realizada por [&hellip;]<\/p>\n","protected":false},"author":26,"featured_media":37905,"comment_status":"open","ping_status":"open","sticky":false,"template":"","format":"standard","meta":{"footnotes":""},"categories":[15,13],"tags":[194,204,22],"class_list":["post-37904","post","type-post","status-publish","format-standard","has-post-thumbnail","hentry","category-policia","category-sao-sebastiao","tag-policia","tag-policia-civil","tag-sao-sebastiao"],"aioseo_notices":[],"_links":{"self":[{"href":"https:\/\/lrm67.com\/index.php\/wp-json\/wp\/v2\/posts\/37904","targetHints":{"allow":["GET"]}}],"collection":[{"href":"https:\/\/lrm67.com\/index.php\/wp-json\/wp\/v2\/posts"}],"about":[{"href":"https:\/\/lrm67.com\/index.php\/wp-json\/wp\/v2\/types\/post"}],"author":[{"embeddable":true,"href":"https:\/\/lrm67.com\/index.php\/wp-json\/wp\/v2\/users\/26"}],"replies":[{"embeddable":true,"href":"https:\/\/lrm67.com\/index.php\/wp-json\/wp\/v2\/comments?post=37904"}],"version-history":[{"count":1,"href":"https:\/\/lrm67.com\/index.php\/wp-json\/wp\/v2\/posts\/37904\/revisions"}],"predecessor-version":[{"id":37906,"href":"https:\/\/lrm67.com\/index.php\/wp-json\/wp\/v2\/posts\/37904\/revisions\/37906"}],"wp:featuredmedia":[{"embeddable":true,"href":"https:\/\/lrm67.com\/index.php\/wp-json\/wp\/v2\/media\/37905"}],"wp:attachment":[{"href":"https:\/\/lrm67.com\/index.php\/wp-json\/wp\/v2\/media?parent=37904"}],"wp:term":[{"taxonomy":"category","embeddable":true,"href":"https:\/\/lrm67.com\/index.php\/wp-json\/wp\/v2\/categories?post=37904"},{"taxonomy":"post_tag","embeddable":true,"href":"https:\/\/lrm67.com\/index.php\/wp-json\/wp\/v2\/tags?post=37904"}],"curies":[{"name":"wp","href":"https:\/\/api.w.org\/{rel}","templated":true}]}}