{"id":37812,"date":"2025-09-10T15:13:32","date_gmt":"2025-09-10T18:13:32","guid":{"rendered":"https:\/\/lrm67.com\/?p=37812"},"modified":"2025-09-10T21:56:12","modified_gmt":"2025-09-11T00:56:12","slug":"caraguatatuba-recebe-solenidade-do-premio-excelencia-educacional-com-homenagem-a-escolas-destaque-no-saresp","status":"publish","type":"post","link":"https:\/\/lrm67.com\/index.php\/2025\/09\/10\/caraguatatuba-recebe-solenidade-do-premio-excelencia-educacional-com-homenagem-a-escolas-destaque-no-saresp\/","title":{"rendered":"Caraguatatuba recebe solenidade do Pr\u00eamio Excel\u00eancia Educacional com homenagem a escolas destaque no Saresp"},"content":{"rendered":"<p><span style=\"font-weight: 400;\">A Unidade Regional de Ensino de Caraguatatuba realizou nesta quarta-feira (10) a solenidade de entrega do Pr\u00eamio Excel\u00eancia Educacional, que reconhece o compromisso das escolas p\u00fablicas municipais com a alfabetiza\u00e7\u00e3o e os bons resultados alcan\u00e7ados no Sistema de Avalia\u00e7\u00e3o de Rendimento Escolar do Estado de S\u00e3o Paulo (Saresp).<\/span><\/p>\n<p><span style=\"font-weight: 400;\">O evento contou com a presen\u00e7a do prefeito de Caraguatatuba, Mateus Silva, al\u00e9m da secret\u00e1ria de Educa\u00e7\u00e3o, Roseli Morilla; da secret\u00e1ria de Educa\u00e7\u00e3o de S\u00e3o Sebasti\u00e3o, Marta Braz; e do dirigente regional de Ensino, Jonas Ferreira da Costa.<\/span><\/p>\n<blockquote><p><span style=\"font-weight: 400;\">\u201cTrabalhamos todos os dias para oferecer o melhor para os nossos estudantes. E vamos investir muito mais. Em breve, anunciaremos o investimento de mais de R$ 60 milh\u00f5es para a reforma de todas as unidades de ensino de Caraguatatuba, al\u00e9m da amplia\u00e7\u00e3o do ensino em tempo integral. Parab\u00e9ns a todas as escolas pelo pr\u00eamio. Contem com o governo municipal para oferecer todas as pol\u00edticas p\u00fablicas necess\u00e1rias para construirmos um futuro melhor para os nossos estudantes\u201d, disse o prefeito Mateus Silva.<\/span><\/p><\/blockquote>\n<p><span style=\"font-weight: 400;\">\u201cToda premia\u00e7\u00e3o \u00e9 um reconhecimento de um trabalho realizado. Hoje celebramos nossas equipes, diretoras e coordenadoras, que se dedicam incansavelmente \u00e0 alfabetiza\u00e7\u00e3o. Uma crian\u00e7a alfabetizada j\u00e1 \u00e9 um sonho realizado, porque dali em diante o conhecimento a transforma em um cidad\u00e3o de sucesso. Esse resultado mostra a for\u00e7a da parceria entre munic\u00edpios e Estado e a confian\u00e7a que o prefeito deposita em nossa equipe. Tenho certeza de que, em breve, todas as nossas escolas estar\u00e3o premiadas\u201d, destacou a secret\u00e1ria de Educa\u00e7\u00e3o, Roseli Morilla.<\/span><\/p>\n<p><span style=\"font-weight: 400;\">\u201cNas inst\u00e2ncias administrativas, Estado e munic\u00edpio caminham juntos para contribuir com o desenvolvimento humano pleno dos nossos mun\u00edcipes, das crian\u00e7as e fam\u00edlias de toda a nossa regi\u00e3o. Quanto melhor for o trabalho que entregamos hoje, maior ser\u00e1 o potencial de cidad\u00e3os que amanh\u00e3 estar\u00e3o no nosso lugar. Se celebramos o avan\u00e7o da alfabetiza\u00e7\u00e3o nas escolas, tamb\u00e9m celebramos o avan\u00e7o da cidadania\u201d, disse o dirigente regional de Ensino, Jonas Ferreira da Costa.<\/span><\/p>\n<p><span style=\"font-weight: 400;\">\u201cEstado e munic\u00edpios n\u00e3o podem ter muros nem barreiras. N\u00f3s cuidamos dos alunos e das fam\u00edlias que vivem no munic\u00edpio, e essa parceria \u00e9 essencial para o progresso e o desenvolvimento dos nossos estudantes. Toda a extens\u00e3o da nossa cidade foi contemplada e isso mostra que o trabalho em rede ocorre de forma linear. Isso nos d\u00e1 esperan\u00e7a de que, juntos, conseguiremos garantir uma educa\u00e7\u00e3o p\u00fablica de qualidade\u201d, concluiu a secret\u00e1ria de Educa\u00e7\u00e3o de S\u00e3o Sebasti\u00e3o, Marta Braz.<\/span><\/p>\n<p><span style=\"font-weight: 400;\">Ainda durante o evento, teve a parlenda cantada <\/span><i><span style=\"font-weight: 400;\">\u201cO Passarinho\u201d<\/span><\/i><span style=\"font-weight: 400;\">, interpretada por estudantes de Caraguatatuba e pelo professor N\u00e9lio Velho. Em seguida, estudantes da Escola Municipal Solange de Paula, de S\u00e3o Sebasti\u00e3o, apresentaram um jogral sobre a import\u00e2ncia da leitura. A aluna Giovana Dias Pinheiro, da Escola Maria Virg\u00ednia da Silva, tamb\u00e9m de S\u00e3o Sebasti\u00e3o, emocionou todos com uma apresenta\u00e7\u00e3o musical.<\/span><\/p>\n<p><span style=\"font-weight: 400;\">Houve ainda a entrega das Placas Escola Ouro, s\u00edmbolo de m\u00e9rito, supera\u00e7\u00e3o e compromisso com a aprendizagem. As unidades homenageadas de Caraguatatuba foram EMEI\/EMEF Prof. Jo\u00e3o Baptista Gardelin, EMEI\/EMEF Profa. Aida de Almeida Castro Grazioli, EMEI\/EMEF Profa. Maria Thereza de Souza Castro, EMEI\/EMEF Pedro Jo\u00e3o de Oliveira e CIEFI Profa. Ant\u00f4nia Ribeiro da Silva. De S\u00e3o Sebasti\u00e3o, EM Solange de Paula, EM Prof. Dr. Jos\u00e9 Machado Rosa, EM Profa. Vilma Aparecida de Almeida Ribas e EM Profa. Maria Virg\u00ednia Silva.<\/span><\/p>\n<p><img fetchpriority=\"high\" decoding=\"async\" class=\"alignnone size-full wp-image-37813\" src=\"https:\/\/lrm67.com\/wp-content\/uploads\/2025\/09\/54778024237_449a950d30_b.jpg\" alt=\"\" width=\"1024\" height=\"683\" srcset=\"https:\/\/lrm67.com\/wp-content\/uploads\/2025\/09\/54778024237_449a950d30_b.jpg 1024w, https:\/\/lrm67.com\/wp-content\/uploads\/2025\/09\/54778024237_449a950d30_b-300x200.jpg 300w, https:\/\/lrm67.com\/wp-content\/uploads\/2025\/09\/54778024237_449a950d30_b-768x512.jpg 768w\" sizes=\"(max-width: 1024px) 100vw, 1024px\" \/><\/p>\n<p>&nbsp;<\/p>\n<h2><strong>Pr\u00eamio Excel\u00eancia<\/strong><\/h2>\n<p><span style=\"font-weight: 400;\">O Governo do Estado de S\u00e3o Paulo premiou 470 munic\u00edpios que se destacaram na alfabetiza\u00e7\u00e3o de crian\u00e7as. O Pr\u00eamio Excel\u00eancia Educacional, parte do programa Alfabetiza Juntos SP, reconhece os esfor\u00e7os das redes municipais que atingiram as metas estabelecidas na avalia\u00e7\u00e3o do Saresp (Sistema de Avalia\u00e7\u00e3o de Rendimento Escolar do Estado de S\u00e3o Paulo). Foram concedidos dois tipos de premia\u00e7\u00e3o &#8211; um para os munic\u00edpios com escolas vencedoras no Pr\u00eamio Excel\u00eancia Educacional, que reconheceu 1.171 escolas municipais de 442 cidades; e outro para os 100 munic\u00edpios que obtiveram os melhores resultados na Avalia\u00e7\u00e3o de Flu\u00eancia Leitora. Mais de 70 prefeituras receberam ambas as premia\u00e7\u00f5es.<\/span><\/p>\n<p><span style=\"font-weight: 400;\">O Pr\u00eamio Excel\u00eancia Educacional tem como crit\u00e9rio o \u00cdndice de Excel\u00eancia Educacional (IEE), baseado nos resultados do Saresp. Cada escola tinha uma meta individual, considerando evolu\u00e7\u00e3o de notas, complexidade da unidade, tamanho, vulnerabilidade social e se integra o regime de ensino em tempo parcial ou integral. J\u00e1 o reconhecimento aos 100 munic\u00edpios destaque na alfabetiza\u00e7\u00e3o levou em conta os melhores \u00edndices de flu\u00eancia leitora, uma m\u00e9trica essencial para avaliar o desenvolvimento das crian\u00e7as.<\/span><\/p>\n<p><span style=\"font-weight: 400;\">Saiba mais: <\/span><a href=\"https:\/\/www.caraguatatuba.sp.gov.br\/pmc\/secretaria-municipal-deeducacao\/\"><span style=\"font-weight: 400;\">https:\/\/www.caraguatatuba.sp.gov.br\/pmc\/secretaria-municipal-de-educacao\/<\/span><\/a><\/p>\n<div><strong>Outras not\u00edcias acesse:<\/strong><br \/>\n<a href=\"http:\/\/www.caraguatatuba.sp.gov.br\/\" target=\"_blank\" rel=\"noopener noreferrer\" data-saferedirecturl=\"https:\/\/www.google.com\/url?q=http:\/\/www.caraguatatuba.sp.gov.br\/&amp;source=gmail&amp;ust=1757007836021000&amp;usg=AOvVaw3FhhcavBJs3cUPV0z04ED6\">www.caraguatatuba.sp.gov.br<\/a><\/div>\n<div><a href=\"https:\/\/www.instagram.com\/caraguatatuba_oficial\/\" target=\"_blank\" rel=\"noopener\" data-saferedirecturl=\"https:\/\/www.google.com\/url?q=https:\/\/www.instagram.com\/caraguatatuba_oficial\/&amp;source=gmail&amp;ust=1757007836021000&amp;usg=AOvVaw2qTAnoTV2fob-DunyKHHZO\">https:\/\/www.instagram.com\/<wbr \/>caraguatatuba_oficial\/<\/a><\/div>\n<div><a href=\"https:\/\/www.facebook.com\/prefeituradecaraguatatuba\" target=\"_blank\" rel=\"noopener\" data-saferedirecturl=\"https:\/\/www.google.com\/url?q=https:\/\/www.facebook.com\/prefeituradecaraguatatuba&amp;source=gmail&amp;ust=1757007836021000&amp;usg=AOvVaw2xKnY6v2UnzSP0LRu3IOUA\">https:\/\/www.facebook.com\/<wbr \/>prefeituradecaraguatatuba<\/a><\/div>\n<p>&nbsp;<\/p>\n<pre>(Foto: Hugo Labanca\/PMC)<\/pre>\n","protected":false},"excerpt":{"rendered":"<p>A Unidade Regional de Ensino de Caraguatatuba realizou nesta quarta-feira (10) a solenidade de entrega do Pr\u00eamio Excel\u00eancia Educacional, que reconhece o compromisso das escolas p\u00fablicas municipais com a alfabetiza\u00e7\u00e3o e os bons resultados alcan\u00e7ados no Sistema de Avalia\u00e7\u00e3o de Rendimento Escolar do Estado de S\u00e3o Paulo (Saresp). O evento contou com a presen\u00e7a do [&hellip;]<\/p>\n","protected":false},"author":26,"featured_media":37814,"comment_status":"open","ping_status":"open","sticky":false,"template":"","format":"standard","meta":{"footnotes":""},"categories":[8,19,2,48],"tags":[17,110],"class_list":["post-37812","post","type-post","status-publish","format-standard","has-post-thumbnail","hentry","category-caraguatatuba","category-educacao","category-geral","category-publieditorial","tag-caraguatatuba","tag-educacao"],"aioseo_notices":[],"_links":{"self":[{"href":"https:\/\/lrm67.com\/index.php\/wp-json\/wp\/v2\/posts\/37812","targetHints":{"allow":["GET"]}}],"collection":[{"href":"https:\/\/lrm67.com\/index.php\/wp-json\/wp\/v2\/posts"}],"about":[{"href":"https:\/\/lrm67.com\/index.php\/wp-json\/wp\/v2\/types\/post"}],"author":[{"embeddable":true,"href":"https:\/\/lrm67.com\/index.php\/wp-json\/wp\/v2\/users\/26"}],"replies":[{"embeddable":true,"href":"https:\/\/lrm67.com\/index.php\/wp-json\/wp\/v2\/comments?post=37812"}],"version-history":[{"count":3,"href":"https:\/\/lrm67.com\/index.php\/wp-json\/wp\/v2\/posts\/37812\/revisions"}],"predecessor-version":[{"id":37820,"href":"https:\/\/lrm67.com\/index.php\/wp-json\/wp\/v2\/posts\/37812\/revisions\/37820"}],"wp:featuredmedia":[{"embeddable":true,"href":"https:\/\/lrm67.com\/index.php\/wp-json\/wp\/v2\/media\/37814"}],"wp:attachment":[{"href":"https:\/\/lrm67.com\/index.php\/wp-json\/wp\/v2\/media?parent=37812"}],"wp:term":[{"taxonomy":"category","embeddable":true,"href":"https:\/\/lrm67.com\/index.php\/wp-json\/wp\/v2\/categories?post=37812"},{"taxonomy":"post_tag","embeddable":true,"href":"https:\/\/lrm67.com\/index.php\/wp-json\/wp\/v2\/tags?post=37812"}],"curies":[{"name":"wp","href":"https:\/\/api.w.org\/{rel}","templated":true}]}}