{"id":37730,"date":"2025-09-08T15:14:21","date_gmt":"2025-09-08T18:14:21","guid":{"rendered":"https:\/\/lrm67.com\/?p=37730"},"modified":"2025-09-08T19:25:59","modified_gmt":"2025-09-08T22:25:59","slug":"casar-em-caragua-movimenta-setores-do-ramo-de-casamento-nesta-semana","status":"publish","type":"post","link":"https:\/\/lrm67.com\/index.php\/2025\/09\/08\/casar-em-caragua-movimenta-setores-do-ramo-de-casamento-nesta-semana\/","title":{"rendered":"\u201cCASAR EM CARAGU\u00c1\u201d movimenta setores do ramo de casamento nesta semana"},"content":{"rendered":"<p>Caraguatatuba entra no mapa dos destinos de casamento e recebe, de sexta a domingo (12 a 14 de setembro) a primeira feira \u201cCASAR EM CARAGU\u00c1\u201d, voltada ao setor de casamentos e eventos.<\/p>\n<p>A programa\u00e7\u00e3o come\u00e7a nesta sexta-feira (12) com o \u201cWedding Experience\u201d, uma imers\u00e3o no mercado de casamentos voltada exclusivamente para as assessoras de casamento convidadas, em seguida, a partir das 16h, a programa\u00e7\u00e3o \u00e9 aberta ao p\u00fablico. No s\u00e1bado e domingo, o evento segue aberto ao p\u00fablico com entrada gratuita.<\/p>\n<p>A feira ser\u00e1 realizada na sede da Secretaria de Turismo, na Avenida Dr. Arthur Costa Filho, n\u00ba 25, Centro. \u00c9 necess\u00e1rio confirmar presen\u00e7a por meio do link https:\/\/forms.gle\/UrBqQ9pUAnh9Y8A6A.<\/p>\n<p>Ao todo, 42 fornecedores locais foram selecionados por meio do Edital n\u00ba 026\/2025 para participar da feira, todos regularizados e atuantes em Caraguatatuba. As \u00e1reas representadas incluem buffet e gastronomia, fotografia e filmagem, assessoria e cerimonial, decora\u00e7\u00e3o, m\u00fasica e entretenimento, hotelaria e pousadas, entre outras op\u00e7\u00f5es<br \/>\nA expectativa \u00e9 receber p\u00fablicos que tenham interesse no ramo, sejam casais que planejam se casar no litoral, assessoras de casamento ou visitantes em geral.<\/p>\n<p>De acordo com a Secret\u00e1ria de Turismo, Bianca Colepicolo, a feira \u201cCASAR EM CARAGU\u00c1\u201d vem para valorizar os profissionais do setor de casamentos do Litoral Norte e, ao mesmo tempo, consolidar Caraguatatuba como destino ideal para casamentos. \u201cO evento \u00e9 uma oportunidade para gerar neg\u00f3cios, fomentar o turismo e apresentar a cidade como um cen\u00e1rio \u00fanico para casamentos \u00e0 beira-mar ou em outros espa\u00e7os especiais\u201d, explicou.<\/p>\n<p>A iniciativa \u00e9 pioneira no Litoral Norte e integra a estrat\u00e9gia do Governo Municipal de Caraguatatuba de investir no turismo de eventos. O intuito \u00e9 fortalecer a economia local em segmentos como hotelaria, gastronomia e servi\u00e7os, al\u00e9m de posicionar o munic\u00edpio como destino de casamentos.<\/p>\n<p>Entre os diferenciais da feira est\u00e3o a sele\u00e7\u00e3o de fornecedores por edital p\u00fablico, a realiza\u00e7\u00e3o de experi\u00eancias exclusivas para assessoras convidadas e a integra\u00e7\u00e3o com o trade tur\u00edstico da cidade.<\/p>\n<div><strong>Outras not\u00edcias acesse:<\/strong><br \/>\n<a href=\"http:\/\/www.caraguatatuba.sp.gov.br\/\" target=\"_blank\" rel=\"noopener noreferrer\" data-saferedirecturl=\"https:\/\/www.google.com\/url?q=http:\/\/www.caraguatatuba.sp.gov.br\/&amp;source=gmail&amp;ust=1757007836021000&amp;usg=AOvVaw3FhhcavBJs3cUPV0z04ED6\">www.caraguatatuba.sp.gov.br<\/a><\/div>\n<div><a href=\"https:\/\/www.instagram.com\/caraguatatuba_oficial\/\" target=\"_blank\" rel=\"noopener\" data-saferedirecturl=\"https:\/\/www.google.com\/url?q=https:\/\/www.instagram.com\/caraguatatuba_oficial\/&amp;source=gmail&amp;ust=1757007836021000&amp;usg=AOvVaw2qTAnoTV2fob-DunyKHHZO\">https:\/\/www.instagram.com\/<wbr \/>caraguatatuba_oficial\/<\/a><\/div>\n<div><a href=\"https:\/\/www.facebook.com\/prefeituradecaraguatatuba\" target=\"_blank\" rel=\"noopener\" data-saferedirecturl=\"https:\/\/www.google.com\/url?q=https:\/\/www.facebook.com\/prefeituradecaraguatatuba&amp;source=gmail&amp;ust=1757007836021000&amp;usg=AOvVaw2xKnY6v2UnzSP0LRu3IOUA\">https:\/\/www.facebook.com\/<wbr \/>prefeituradecaraguatatuba<\/a><\/div>\n","protected":false},"excerpt":{"rendered":"<p>Caraguatatuba entra no mapa dos destinos de casamento e recebe, de sexta a domingo (12 a 14 de setembro) a primeira feira \u201cCASAR EM CARAGU\u00c1\u201d, voltada ao setor de casamentos e eventos. A programa\u00e7\u00e3o come\u00e7a nesta sexta-feira (12) com o \u201cWedding Experience\u201d, uma imers\u00e3o no mercado de casamentos voltada exclusivamente para as assessoras de casamento [&hellip;]<\/p>\n","protected":false},"author":26,"featured_media":37731,"comment_status":"open","ping_status":"open","sticky":false,"template":"","format":"standard","meta":{"footnotes":""},"categories":[8,48,5],"tags":[],"class_list":["post-37730","post","type-post","status-publish","format-standard","has-post-thumbnail","hentry","category-caraguatatuba","category-publieditorial","category-turismo"],"aioseo_notices":[],"_links":{"self":[{"href":"https:\/\/lrm67.com\/index.php\/wp-json\/wp\/v2\/posts\/37730","targetHints":{"allow":["GET"]}}],"collection":[{"href":"https:\/\/lrm67.com\/index.php\/wp-json\/wp\/v2\/posts"}],"about":[{"href":"https:\/\/lrm67.com\/index.php\/wp-json\/wp\/v2\/types\/post"}],"author":[{"embeddable":true,"href":"https:\/\/lrm67.com\/index.php\/wp-json\/wp\/v2\/users\/26"}],"replies":[{"embeddable":true,"href":"https:\/\/lrm67.com\/index.php\/wp-json\/wp\/v2\/comments?post=37730"}],"version-history":[{"count":2,"href":"https:\/\/lrm67.com\/index.php\/wp-json\/wp\/v2\/posts\/37730\/revisions"}],"predecessor-version":[{"id":37743,"href":"https:\/\/lrm67.com\/index.php\/wp-json\/wp\/v2\/posts\/37730\/revisions\/37743"}],"wp:featuredmedia":[{"embeddable":true,"href":"https:\/\/lrm67.com\/index.php\/wp-json\/wp\/v2\/media\/37731"}],"wp:attachment":[{"href":"https:\/\/lrm67.com\/index.php\/wp-json\/wp\/v2\/media?parent=37730"}],"wp:term":[{"taxonomy":"category","embeddable":true,"href":"https:\/\/lrm67.com\/index.php\/wp-json\/wp\/v2\/categories?post=37730"},{"taxonomy":"post_tag","embeddable":true,"href":"https:\/\/lrm67.com\/index.php\/wp-json\/wp\/v2\/tags?post=37730"}],"curies":[{"name":"wp","href":"https:\/\/api.w.org\/{rel}","templated":true}]}}