{"id":37486,"date":"2025-09-02T17:45:00","date_gmt":"2025-09-02T20:45:00","guid":{"rendered":"https:\/\/lrm67.com\/?p=37486"},"modified":"2025-09-03T14:45:12","modified_gmt":"2025-09-03T17:45:12","slug":"abeta-summit-2025-comeca-nesta-quarta-feira-em-caraguatatuba","status":"publish","type":"post","link":"https:\/\/lrm67.com\/index.php\/2025\/09\/02\/abeta-summit-2025-comeca-nesta-quarta-feira-em-caraguatatuba\/","title":{"rendered":"Maior encontro de turismo de aventura e ecoturismo do Brasil come\u00e7a nesta quarta-feira em Caraguatatuba"},"content":{"rendered":"<p><span style=\"font-weight: 400;\">A partir desta quarta-feira (3) Caraguatatuba recebe o ABETA Summit 2025, maior encontro de turismo de aventura e ecoturismo do Brasil, com a participa\u00e7\u00e3o de mais de 400 especialistas, empres\u00e1rios e gestores p\u00fablicos para debater os rumos do setor, com foco em turismo mais sustent\u00e1vel, seguro e competitivo.<\/span><\/p>\n<p><span style=\"font-weight: 400;\">O evento ser\u00e1 realizado na Pra\u00e7a da Cultura, no Centro, e vai contar com uma s\u00e9rie de palestras, pain\u00e9is, oficinas e visitas t\u00e9cnicas. Al\u00e9m disso, ser\u00e1 uma excelente oportunidade para quem deseja se atualizar sobre tend\u00eancias globais, aprender com as melhores pr\u00e1ticas do setor e estabelecer conex\u00f5es valiosas.<\/span><\/p>\n<p><span style=\"font-weight: 400;\">O acesso \u00e0s palestras \u00e9 para congressistas, mas o p\u00fablico geral pode ter acesso ao pavilh\u00e3o de eventos ambientado na Pra\u00e7a da Cultura, que contar\u00e1 com exposi\u00e7\u00f5es e pra\u00e7a de alimenta\u00e7\u00e3o.<\/span><\/p>\n<p><span style=\"font-weight: 400;\">A abertura oficial, marcada para as 18h, deve contar com a presen\u00e7a do secret\u00e1rio de Turismo e Viagens de S\u00e3o Paulo, Roberto de Lucena, al\u00e9m de outras autoridades convidadas.<\/span><\/p>\n<p><span style=\"font-weight: 400;\">Em sua 22\u00aa edi\u00e7\u00e3o, o Summit traz uma programa\u00e7\u00e3o de conte\u00fado relevante, viv\u00eancias pr\u00e1ticas e oportunidades de neg\u00f3cios, consolidando-se como o maior congresso de turismo de natureza no pa\u00eds.<\/span><\/p>\n<p><span style=\"font-weight: 400;\">O prefeito de Caraguatatuba, Mateus Silva, cidade anfitri\u00e3 do evento, tem expectativas positivas para os tr\u00eas dias de evento. \u201cO Abeta Summit projeta Caraguatatuba no cen\u00e1rio do turismo de natureza e aventura como um destino estrat\u00e9gico e preparado. Mais do que receber um evento, estamos construindo um legado de inova\u00e7\u00e3o, sustentabilidade e oportunidades para quem vive aqui e para quem nos visita\u201d.<\/span><\/p>\n<p><span style=\"font-weight: 400;\">A agenda segue diversificada at\u00e9 s\u00e1bado, dia 6, e ao longo dos quatro dias explora diferentes aspectos do turismo de natureza, desde pol\u00edticas p\u00fablicas e mudan\u00e7as clim\u00e1ticas at\u00e9 a promo\u00e7\u00e3o de experi\u00eancias vivenciais e oficinas t\u00e9cnicas. A inten\u00e7\u00e3o \u00e9 aprofundar o conhecimento, promover a integra\u00e7\u00e3o entre os participantes e fortalecer a qualifica\u00e7\u00e3o profissional no setor e contribuem diretamente para o desenvolvimento sustent\u00e1vel do ecoturismo e do turismo de aventura no Brasil.<\/span><\/p>\n<p><span style=\"font-weight: 400;\">O ABETA Summit \u00e9 um encontro crucial entre quem empreende, quem lidera e quem decide o turismo de natureza no Brasil. Ao reunir representantes do setor privado, p\u00fablico e acad\u00eamico, o evento consegue construir uma vis\u00e3o estrat\u00e9gica para o futuro do turismo, com base em dados, experi\u00eancias pr\u00e1ticas e solu\u00e7\u00f5es concretas.<\/span><\/p>\n<p><span style=\"font-weight: 400;\">O momento n\u00e3o poderia ser mais oportuno. De acordo com dados da Embratur\u2019, o Brasil viu um aumento de 47% no n\u00famero de turistas internacionais nos primeiros sete meses de 2025, o maior crescimento j\u00e1 registrado. Esse crescimento coloca o setor de turismo de natureza em evid\u00eancia, tornando ainda mais relevante a troca de ideias e o fortalecimento das pol\u00edticas p\u00fablicas no evento.<\/span><\/p>\n<h2><b>Programa\u00e7\u00e3o<\/b><\/h2>\n<h3><b>Quinta-feira, 4 de setembro<\/b><\/h3>\n<p><span style=\"font-weight: 400;\">O primeiro dia ser\u00e1 voltado para a discuss\u00e3o de temas como mudan\u00e7as clim\u00e1ticas, governan\u00e7a e gest\u00e3o de crises. A Palestra Magna sobre Turismo, Mudan\u00e7as Clim\u00e1ticas e a COP30 e o painel O Turismo e o Poder Legislativo s\u00e3o apenas alguns dos destaques. Al\u00e9m disso, haver\u00e1 oficinas pr\u00e1ticas, como a de Equipamentos e Seguran\u00e7a para guias e condutores, e o painel sobre Desenvolvimento de Destinos de Natureza.<\/span><\/p>\n<h3><b>Sexta-feira, 5 de setembro<\/b><\/h3>\n<p><span style=\"font-weight: 400;\">O foco ser\u00e1 em experi\u00eancias pr\u00e1ticas e integra\u00e7\u00e3o de saberes. O dia contar\u00e1 com atividades de imers\u00e3o em trilhas, parques e comunidades locais, al\u00e9m de semin\u00e1rios tem\u00e1ticos, como o Semin\u00e1rio Paulista de Trilhas e o Semin\u00e1rio de Turismo N\u00e1utico. Haver\u00e1 tamb\u00e9m eventos paralelos, como o Encontro de Gestores Municipais de Turismo, que debater\u00e1 a estrutura\u00e7\u00e3o e qualifica\u00e7\u00e3o do turismo nas cidades.<\/span><\/p>\n<h3><b>S\u00e1bado, 6 de setembro<\/b><\/h3>\n<p><span style=\"font-weight: 400;\">O \u00faltimo dia ser\u00e1 dedicado \u00e0 profissionaliza\u00e7\u00e3o do setor, com oficinas t\u00e9cnicas focadas em capacita\u00e7\u00e3o, seguran\u00e7a e comunica\u00e7\u00e3o em tempos de crise. A palestra Como financiar o turismo de aventura no Brasil e o painel Como prevenir acidentes em turismo de aventura e ecoturismo ser\u00e3o algumas das oportunidades para aprofundar conhecimentos pr\u00e1ticos.<\/span><\/p>\n<p><span style=\"font-weight: 400;\">O evento tamb\u00e9m contar\u00e1 com uma Feira e Exposi\u00e7\u00e3o aberta ao p\u00fablico, intitulada Re(Descobrindo o Brasil), onde os participantes poder\u00e3o explorar destinos tur\u00edsticos e servi\u00e7os de diversas regi\u00f5es do pa\u00eds.<\/span><\/p>\n<p><b>Mais informa\u00e7\u00f5es:<\/b><a href=\"https:\/\/abetasummit.com.br\/\"> <span style=\"font-weight: 400;\">https:\/\/abetasummit.com.br<\/span><\/a><\/p>\n<div><strong>Outras not\u00edcias acesse:<\/strong><br \/>\n<a href=\"http:\/\/www.caraguatatuba.sp.gov.br\/\" target=\"_blank\" rel=\"noopener noreferrer\" data-saferedirecturl=\"https:\/\/www.google.com\/url?q=http:\/\/www.caraguatatuba.sp.gov.br\/&amp;source=gmail&amp;ust=1757007836021000&amp;usg=AOvVaw3FhhcavBJs3cUPV0z04ED6\">www.caraguatatuba.sp.gov.br<\/a><\/div>\n<div><span style=\"color: #222222;\"><a href=\"https:\/\/www.instagram.com\/caraguatatuba_oficial\/\" target=\"_blank\" rel=\"noopener\" data-saferedirecturl=\"https:\/\/www.google.com\/url?q=https:\/\/www.instagram.com\/caraguatatuba_oficial\/&amp;source=gmail&amp;ust=1757007836021000&amp;usg=AOvVaw2qTAnoTV2fob-DunyKHHZO\">https:\/\/www.instagram.com\/<wbr \/>caraguatatuba_oficial\/<\/a><\/span><\/div>\n<div><span style=\"color: #222222;\"><a href=\"https:\/\/www.facebook.com\/prefeituradecaraguatatuba\" target=\"_blank\" rel=\"noopener\" data-saferedirecturl=\"https:\/\/www.google.com\/url?q=https:\/\/www.facebook.com\/prefeituradecaraguatatuba&amp;source=gmail&amp;ust=1757007836021000&amp;usg=AOvVaw2xKnY6v2UnzSP0LRu3IOUA\">https:\/\/www.facebook.com\/<wbr \/>prefeituradecaraguatatuba<\/a><\/span><\/div>\n","protected":false},"excerpt":{"rendered":"<p>A partir desta quarta-feira (3) Caraguatatuba recebe o ABETA Summit 2025, maior encontro de turismo de aventura e ecoturismo do Brasil, com a participa\u00e7\u00e3o de mais de 400 especialistas, empres\u00e1rios e gestores p\u00fablicos para debater os rumos do setor, com foco em turismo mais sustent\u00e1vel, seguro e competitivo. O evento ser\u00e1 realizado na Pra\u00e7a da [&hellip;]<\/p>\n","protected":false},"author":26,"featured_media":37487,"comment_status":"open","ping_status":"open","sticky":false,"template":"","format":"standard","meta":{"footnotes":""},"categories":[8,48,5],"tags":[],"class_list":["post-37486","post","type-post","status-publish","format-standard","has-post-thumbnail","hentry","category-caraguatatuba","category-publieditorial","category-turismo"],"aioseo_notices":[],"_links":{"self":[{"href":"https:\/\/lrm67.com\/index.php\/wp-json\/wp\/v2\/posts\/37486","targetHints":{"allow":["GET"]}}],"collection":[{"href":"https:\/\/lrm67.com\/index.php\/wp-json\/wp\/v2\/posts"}],"about":[{"href":"https:\/\/lrm67.com\/index.php\/wp-json\/wp\/v2\/types\/post"}],"author":[{"embeddable":true,"href":"https:\/\/lrm67.com\/index.php\/wp-json\/wp\/v2\/users\/26"}],"replies":[{"embeddable":true,"href":"https:\/\/lrm67.com\/index.php\/wp-json\/wp\/v2\/comments?post=37486"}],"version-history":[{"count":4,"href":"https:\/\/lrm67.com\/index.php\/wp-json\/wp\/v2\/posts\/37486\/revisions"}],"predecessor-version":[{"id":37541,"href":"https:\/\/lrm67.com\/index.php\/wp-json\/wp\/v2\/posts\/37486\/revisions\/37541"}],"wp:featuredmedia":[{"embeddable":true,"href":"https:\/\/lrm67.com\/index.php\/wp-json\/wp\/v2\/media\/37487"}],"wp:attachment":[{"href":"https:\/\/lrm67.com\/index.php\/wp-json\/wp\/v2\/media?parent=37486"}],"wp:term":[{"taxonomy":"category","embeddable":true,"href":"https:\/\/lrm67.com\/index.php\/wp-json\/wp\/v2\/categories?post=37486"},{"taxonomy":"post_tag","embeddable":true,"href":"https:\/\/lrm67.com\/index.php\/wp-json\/wp\/v2\/tags?post=37486"}],"curies":[{"name":"wp","href":"https:\/\/api.w.org\/{rel}","templated":true}]}}