{"id":37314,"date":"2025-08-28T16:05:38","date_gmt":"2025-08-28T19:05:38","guid":{"rendered":"https:\/\/lrm67.com\/?p=37314"},"modified":"2025-08-28T17:37:41","modified_gmt":"2025-08-28T20:37:41","slug":"paralisacao-reune-centenas-de-servidores-em-frente-ao-paco-municipal-de-caraguatatuba","status":"publish","type":"post","link":"https:\/\/lrm67.com\/index.php\/2025\/08\/28\/paralisacao-reune-centenas-de-servidores-em-frente-ao-paco-municipal-de-caraguatatuba\/","title":{"rendered":"Paralisa\u00e7\u00e3o re\u00fane centenas de servidores em frente ao Pa\u00e7o Municipal de Caraguatatuba"},"content":{"rendered":"<p><strong>Henrique Martins<\/strong><\/p>\n<p>&nbsp;<\/p>\n<p>Na manh\u00e3 desta quinta-feira (28), aproximadamente mil servidores p\u00fablicos de Caraguatatuba realizaram uma paralisa\u00e7\u00e3o em frente ao Pa\u00e7o Municipal. A manifesta\u00e7\u00e3o, aprovada em assembleia do SindCaraguatatuba no dia 5 de agosto, teve como objetivo cobrar valoriza\u00e7\u00e3o profissional, reajuste salarial, melhores benef\u00edcios e o fim de persegui\u00e7\u00f5es pol\u00edticas no ambiente de trabalho. O ato teve como objetivo pressionar a prefeitura a retomar o di\u00e1logo com a categoria e causou impactos em servi\u00e7os p\u00fablicos, especialmente em escolas e creches. Apenas os atendimentos de emerg\u00eancia na \u00e1rea da Sa\u00fade foram mantidos.<\/p>\n<p>De acordo com o sindicato, a paralisa\u00e7\u00e3o ocorre porque Caraguatatuba tem um dos maiores or\u00e7amentos per capita do pa\u00eds, com R$ 9.330 por habitante, mas os servidores recebem os sal\u00e1rios mais baixos da regi\u00e3o. Mesmo com folga no limite de gastos com pessoal, as perdas salariais ultrapassam 40% desde 2005. Em maio, o prefeito prometeu reajustar os vales alimenta\u00e7\u00e3o e refei\u00e7\u00e3o, condicionando a decis\u00e3o \u00e0 audi\u00eancia de presta\u00e7\u00e3o de contas que revelou um super\u00e1vit de mais de R$ 120 milh\u00f5es, mas at\u00e9 agora, segundo a entidade, nenhuma medida foi tomada.<\/p>\n<p>Em entrevista ao <strong>Jornal do Litoral<\/strong>, Alexandra Fachini, presidente do SindCaraguatatuba, confirmou a estimativa de mais de mil servidores presentes e avaliou positivamente a mobiliza\u00e7\u00e3o: \u201cPara n\u00f3s foi um ato hist\u00f3rico, com bastantes servidores, representantes de outros sindicatos e da nossa central, a CSP Conlutas. Apesar do prefeito falar que estamos irregulares, os servidores falaram o contr\u00e1rio comparecendo no ato e acreditando na luta.\u201d<\/p>\n<div style=\"width: 478px;\" class=\"wp-video\"><!--[if lt IE 9]><script>document.createElement('video');<\/script><![endif]-->\n<video class=\"wp-video-shortcode\" id=\"video-37314-1\" width=\"478\" height=\"850\" preload=\"metadata\" controls=\"controls\"><source type=\"video\/mp4\" src=\"https:\/\/lrm67.com\/wp-content\/uploads\/2025\/08\/VIDEO-1-1.mp4?_=1\" \/><a href=\"https:\/\/lrm67.com\/wp-content\/uploads\/2025\/08\/VIDEO-1-1.mp4\">https:\/\/lrm67.com\/wp-content\/uploads\/2025\/08\/VIDEO-1-1.mp4<\/a><\/video><\/div>\n<p>Em <a href=\"https:\/\/lrm67.com\/index.php\/2025\/08\/27\/prefeitura-emite-nota-oficial-sobre-manifestacao-de-servidores-em-caraguatatuba\"><strong>nota<\/strong><\/a> divulgada nesta quarta-feira (28), a Prefeitura de Caraguatatuba informou ao <strong>Jornal do Litoral<\/strong> que foi notificada sobre a paralisa\u00e7\u00e3o, mas que a comunica\u00e7\u00e3o n\u00e3o cumpre os requisitos legais definidos pelo Supremo Tribunal Federal, como a necessidade de convoca\u00e7\u00e3o por entidade sindical formalmente reconhecida. Segundo a prefeitura, a associa\u00e7\u00e3o respons\u00e1vel n\u00e3o possui registro v\u00e1lido no Minist\u00e9rio do Trabalho e, portanto, n\u00e3o tem legitimidade para representar a categoria. O governo reafirmou ainda seu compromisso com o di\u00e1logo e com a continuidade dos servi\u00e7os essenciais \u00e0 popula\u00e7\u00e3o.<\/p>\n<p>O impasse entre servidores e prefeitura continua. Enquanto a categoria cobra respostas e abertura de di\u00e1logo, a administra\u00e7\u00e3o questiona a legitimidade da entidade organizadora. A expectativa \u00e9 de que novos desdobramentos ocorram nos pr\u00f3ximos dias.<\/p>\n<div style=\"width: 480px;\" class=\"wp-video\"><video class=\"wp-video-shortcode\" id=\"video-37314-2\" width=\"480\" height=\"864\" preload=\"metadata\" controls=\"controls\"><source type=\"video\/mp4\" src=\"https:\/\/lrm67.com\/wp-content\/uploads\/2025\/08\/VIDEO-2-1.mp4?_=2\" \/><a href=\"https:\/\/lrm67.com\/wp-content\/uploads\/2025\/08\/VIDEO-2-1.mp4\">https:\/\/lrm67.com\/wp-content\/uploads\/2025\/08\/VIDEO-2-1.mp4<\/a><\/video><\/div>\n<p>&nbsp;<\/p>\n<p>&nbsp;<\/p>\n<p><strong>Imagem: SindCaraguatatuba<\/strong><\/p>\n<p><strong>V\u00eddeo 1: Ricardo Pereira<\/strong><\/p>\n<p><strong>V\u00eddeo 2: ROL<\/strong><\/p>\n","protected":false},"excerpt":{"rendered":"<p>Henrique Martins &nbsp; Na manh\u00e3 desta quinta-feira (28), aproximadamente mil servidores p\u00fablicos de Caraguatatuba realizaram uma paralisa\u00e7\u00e3o em frente ao Pa\u00e7o Municipal. A manifesta\u00e7\u00e3o, aprovada em assembleia do SindCaraguatatuba no dia 5 de agosto, teve como objetivo cobrar valoriza\u00e7\u00e3o profissional, reajuste salarial, melhores benef\u00edcios e o fim de persegui\u00e7\u00f5es pol\u00edticas no ambiente de trabalho. O [&hellip;]<\/p>\n","protected":false},"author":26,"featured_media":37336,"comment_status":"open","ping_status":"open","sticky":false,"template":"","format":"standard","meta":{"footnotes":""},"categories":[8,16],"tags":[17,114],"class_list":["post-37314","post","type-post","status-publish","format-standard","has-post-thumbnail","hentry","category-caraguatatuba","category-politica","tag-caraguatatuba","tag-politica"],"aioseo_notices":[],"_links":{"self":[{"href":"https:\/\/lrm67.com\/index.php\/wp-json\/wp\/v2\/posts\/37314","targetHints":{"allow":["GET"]}}],"collection":[{"href":"https:\/\/lrm67.com\/index.php\/wp-json\/wp\/v2\/posts"}],"about":[{"href":"https:\/\/lrm67.com\/index.php\/wp-json\/wp\/v2\/types\/post"}],"author":[{"embeddable":true,"href":"https:\/\/lrm67.com\/index.php\/wp-json\/wp\/v2\/users\/26"}],"replies":[{"embeddable":true,"href":"https:\/\/lrm67.com\/index.php\/wp-json\/wp\/v2\/comments?post=37314"}],"version-history":[{"count":3,"href":"https:\/\/lrm67.com\/index.php\/wp-json\/wp\/v2\/posts\/37314\/revisions"}],"predecessor-version":[{"id":37338,"href":"https:\/\/lrm67.com\/index.php\/wp-json\/wp\/v2\/posts\/37314\/revisions\/37338"}],"wp:featuredmedia":[{"embeddable":true,"href":"https:\/\/lrm67.com\/index.php\/wp-json\/wp\/v2\/media\/37336"}],"wp:attachment":[{"href":"https:\/\/lrm67.com\/index.php\/wp-json\/wp\/v2\/media?parent=37314"}],"wp:term":[{"taxonomy":"category","embeddable":true,"href":"https:\/\/lrm67.com\/index.php\/wp-json\/wp\/v2\/categories?post=37314"},{"taxonomy":"post_tag","embeddable":true,"href":"https:\/\/lrm67.com\/index.php\/wp-json\/wp\/v2\/tags?post=37314"}],"curies":[{"name":"wp","href":"https:\/\/api.w.org\/{rel}","templated":true}]}}