{"id":37278,"date":"2025-08-28T14:48:59","date_gmt":"2025-08-28T17:48:59","guid":{"rendered":"https:\/\/lrm67.com\/?p=37278"},"modified":"2025-08-28T14:48:59","modified_gmt":"2025-08-28T17:48:59","slug":"evento-frutos-da-nossa-terra-do-banco-de-alimentos-de-caraguatatuba-e-nesta-sexta-feira","status":"publish","type":"post","link":"https:\/\/lrm67.com\/index.php\/2025\/08\/28\/evento-frutos-da-nossa-terra-do-banco-de-alimentos-de-caraguatatuba-e-nesta-sexta-feira\/","title":{"rendered":"Evento \u2018Frutos da Nossa Terra\u2019 do Banco de Alimentos de Caraguatatuba \u00e9 nesta sexta-feira"},"content":{"rendered":"<p><strong>\u00a0<\/strong>O evento Frutos da Nossa Terra, em comemora\u00e7\u00e3o ao 8\u00ba anivers\u00e1rio do Banco de Alimentos de Caraguatatuba, ser\u00e1 realizado nesta sexta-feira (29). A comemora\u00e7\u00e3o ocorre das 9h \u00e0s 12h, no Audit\u00f3rio Maristela de Oliveira, sede da Funda\u00e7\u00e3o Educacional e Cultural de Caraguatatuba (Fundacc).<\/p>\n<p>Com o objetivo de valorizar e resgatar a cultura alimentar da cidade, o evento \u00e9 gratuito, aberto ao p\u00fabico e oferece 144 vagas. Para participar, os interessados devem fazer a inscri\u00e7\u00e3o at\u00e9 amanh\u00e3, dia 28 de agosto, pelo site \u2013 <a href=\"https:\/\/tinyurl.com\/n8n7v6um\">https:\/\/tinyurl.com\/n8n7v6um<\/a>.<\/p>\n<p>A comemora\u00e7\u00e3o, al\u00e9m de oferecer um espa\u00e7o para a troca de viv\u00eancias e saberes sobre os alimentos produzidos em Caraguatatuba, promove o fortalecimento da identidade local e a valoriza\u00e7\u00e3o da produ\u00e7\u00e3o regional.<\/p>\n<p>A programa\u00e7\u00e3o inclui apresenta\u00e7\u00f5es culturais e exposi\u00e7\u00f5es de produtos agr\u00edcolas e aliment\u00edcios locais, refor\u00e7ando a import\u00e2ncia dos produtores regionais no desenvolvimento sustent\u00e1vel da cidade. Entre os destaques, est\u00e3o:<\/p>\n<ul>\n<li>8h \u2013 Registro e Boas-vindas<\/li>\n<li>9h \u2013 Sess\u00e3o de Abertura<\/li>\n<li>9h20 \u2013 Apresenta\u00e7\u00e3o Programa Banco de Alimentos<\/li>\n<li>9h30 \u2013 Apresenta\u00e7\u00e3o Chorus Vocalis.<\/li>\n<li>9h45 \u2013 Depoimento Riquezas do Mar com Ladisla Coelho Crispim dos Santos, presidente da Associa\u00e7\u00e3o de Pescadores.<\/li>\n<li>10h25 \u2013 Apresenta\u00e7\u00e3o cultural da Casa Beija-flor.<\/li>\n<li>10h30 \u2013 Depoimento Alimento que vem da Terra: conversa com o agricultor familiar Sr. Wilson Cardoso da Silva.<\/li>\n<li>11h \u2013 Palestra Alimenta\u00e7\u00e3o Saud\u00e1vel e Inclusiva, com a nutricionista K\u00e1tia Cristina Nogueira (APAE).<\/li>\n<li>11h20 \u2013 Apresenta\u00e7\u00e3o cultural da Casa Beija-flor.<\/li>\n<li>11h30 \u2013 Exposi\u00e7\u00e3o interativa com produtos locais, aferi\u00e7\u00e3o de press\u00e3o, teste de glicemia e orienta\u00e7\u00f5es sobre doen\u00e7as cr\u00f4nicas e alimenta\u00e7\u00e3o saud\u00e1vel com alunos da Faculdade M\u00f3dulo \u2013 Caraguatatuba e, orienta\u00e7\u00e3o sobre alimenta\u00e7\u00e3o saud\u00e1vel com as nutricionistas do Conselho Municipal de Seguran\u00e7a Alimentar (COMSEA).<\/li>\n<\/ul>\n<p>&nbsp;<\/p>\n<p><strong>Banco de Alimentos de Caraguatatuba doa 1,6 tonelada em 2025<\/strong><\/p>\n<p>O Banco Municipal de Alimentos tem como miss\u00e3o combater o desperd\u00edcio e contribuir para a seguran\u00e7a alimentar de fam\u00edlias em situa\u00e7\u00e3o de vulnerabilidade. Somente entre janeiro e julho desse ano, foram arrecadados e distribu\u00eddos 1.642,28 kg de alimentos \u2013 mais que o dobro do mesmo per\u00edodo de 2024, representando um crescimento de 119,5%. Atualmente, 13 institui\u00e7\u00f5es sociais cadastradas, que juntas atendem mais de 1,8 mil pessoas, s\u00e3o beneficiadas com os repasses.<\/p>\n<p>&nbsp;<\/p>\n<p><strong>Como contribuir<\/strong><\/p>\n<p>A popula\u00e7\u00e3o e os produtores que desejarem colaborar com doa\u00e7\u00f5es para o Banco Municipal de Alimentos podem entrar em contato pelo telefone (12) 3883-6548, pelo e-mail <a href=\"mailto:bancodealimentos@caraguatatuba.sp.gov.br\">bancodealimentos@caraguatatuba.sp.gov.br<\/a> ou comparecer pessoalmente \u00e0 sede, localizada na Avenida Ministro D\u00edlson Funaro, 287, no bairro Jardim Brit\u00e2nia.<\/p>\n","protected":false},"excerpt":{"rendered":"<p>\u00a0O evento Frutos da Nossa Terra, em comemora\u00e7\u00e3o ao 8\u00ba anivers\u00e1rio do Banco de Alimentos de Caraguatatuba, ser\u00e1 realizado nesta sexta-feira (29). A comemora\u00e7\u00e3o ocorre das 9h \u00e0s 12h, no Audit\u00f3rio Maristela de Oliveira, sede da Funda\u00e7\u00e3o Educacional e Cultural de Caraguatatuba (Fundacc). Com o objetivo de valorizar e resgatar a cultura alimentar da cidade, [&hellip;]<\/p>\n","protected":false},"author":26,"featured_media":37284,"comment_status":"open","ping_status":"open","sticky":false,"template":"","format":"standard","meta":{"footnotes":""},"categories":[8,30,12,2],"tags":[17,227,132],"class_list":["post-37278","post","type-post","status-publish","format-standard","has-post-thumbnail","hentry","category-caraguatatuba","category-cultura","category-eventos","category-geral","tag-caraguatatuba","tag-cultura","tag-eventos"],"aioseo_notices":[],"_links":{"self":[{"href":"https:\/\/lrm67.com\/index.php\/wp-json\/wp\/v2\/posts\/37278","targetHints":{"allow":["GET"]}}],"collection":[{"href":"https:\/\/lrm67.com\/index.php\/wp-json\/wp\/v2\/posts"}],"about":[{"href":"https:\/\/lrm67.com\/index.php\/wp-json\/wp\/v2\/types\/post"}],"author":[{"embeddable":true,"href":"https:\/\/lrm67.com\/index.php\/wp-json\/wp\/v2\/users\/26"}],"replies":[{"embeddable":true,"href":"https:\/\/lrm67.com\/index.php\/wp-json\/wp\/v2\/comments?post=37278"}],"version-history":[{"count":1,"href":"https:\/\/lrm67.com\/index.php\/wp-json\/wp\/v2\/posts\/37278\/revisions"}],"predecessor-version":[{"id":37285,"href":"https:\/\/lrm67.com\/index.php\/wp-json\/wp\/v2\/posts\/37278\/revisions\/37285"}],"wp:featuredmedia":[{"embeddable":true,"href":"https:\/\/lrm67.com\/index.php\/wp-json\/wp\/v2\/media\/37284"}],"wp:attachment":[{"href":"https:\/\/lrm67.com\/index.php\/wp-json\/wp\/v2\/media?parent=37278"}],"wp:term":[{"taxonomy":"category","embeddable":true,"href":"https:\/\/lrm67.com\/index.php\/wp-json\/wp\/v2\/categories?post=37278"},{"taxonomy":"post_tag","embeddable":true,"href":"https:\/\/lrm67.com\/index.php\/wp-json\/wp\/v2\/tags?post=37278"}],"curies":[{"name":"wp","href":"https:\/\/api.w.org\/{rel}","templated":true}]}}