{"id":37272,"date":"2025-08-28T11:50:24","date_gmt":"2025-08-28T14:50:24","guid":{"rendered":"https:\/\/lrm67.com\/?p=37272"},"modified":"2025-08-28T11:50:24","modified_gmt":"2025-08-28T14:50:24","slug":"aviva-caragua-comeca-a-partir-desta-quinta-feira-na-praca-da-cultura","status":"publish","type":"post","link":"https:\/\/lrm67.com\/index.php\/2025\/08\/28\/aviva-caragua-comeca-a-partir-desta-quinta-feira-na-praca-da-cultura\/","title":{"rendered":"Aviva Caragu\u00e1 come\u00e7a a partir desta quinta-feira na Pra\u00e7a da Cultura"},"content":{"rendered":"<p>Caraguatatuba se prepara para mais uma edi\u00e7\u00e3o do Aviva Caragu\u00e1, um dos maiores eventos gospel da regi\u00e3o, que re\u00fane m\u00fasica, dan\u00e7a, teatro e momentos de f\u00e9 em tr\u00eas dias de programa\u00e7\u00e3o gratuita e aberta a toda a popula\u00e7\u00e3o.<\/p>\n<p>Realizado entre os dias 28 e 30 de agosto, a partir das 19h, na Pra\u00e7a de Eventos do Centro, o encontro conta com artistas consagrados da m\u00fasica crist\u00e3 e talentos locais, com integra\u00e7\u00e3o social e cultural em um ambiente de respeito e acolhimento a todas as cren\u00e7as.<\/p>\n<p>&nbsp;<\/p>\n<p><strong>Atra\u00e7\u00f5es principais<\/strong><\/p>\n<p>Nesta edi\u00e7\u00e3o, o p\u00fablico pode acompanhar apresenta\u00e7\u00f5es dos cantores nacionais Samuel Messias, Jairo Bonfim e Alisson Santos, al\u00e9m de diversas participa\u00e7\u00f5es de artistas da cidade e regi\u00e3o, como Rachel Santos, Maria Gabriela, Nicolas Mendes, Francis Cardoso, Bruno Baeta, Mano Azul, Ana Klara, Alicia Duarte, entre muitos outros.<\/p>\n<p>O evento tamb\u00e9m ter\u00e1 a participa\u00e7\u00e3o de corais e grupos especiais, como o Coral Adventista Adoradores do Litoral, Coral Aviva, Banda Municipal de Caraguatatuba, grupos de teatro e dan\u00e7a, Patrulheiros do Rei e o grupo de Libras M\u00e3os que Louvam.<\/p>\n<p>&nbsp;<\/p>\n<p><strong>Aviva Kids<\/strong><\/p>\n<p>No domingo (30), \u00e0s 9h, o evento apresenta uma novidade, o Aviva Kids, manh\u00e3 dedicada \u00e0s crian\u00e7as, com m\u00fasica, teatro, dan\u00e7a, din\u00e2micas e brincadeiras, al\u00e9m de pipoca e algod\u00e3o-doce gratuitos. A programa\u00e7\u00e3o infantil conta com apresenta\u00e7\u00f5es de Valentina, Pietra e Ana Klara, coral e teatro infantil, e promete momentos de alegria e evangeliza\u00e7\u00e3o para toda a fam\u00edlia.<\/p>\n<p>Al\u00e9m da programa\u00e7\u00e3o musical, o Aviva Caragu\u00e1 ter\u00e1 pra\u00e7a de alimenta\u00e7\u00e3o com diversas op\u00e7\u00f5es e espa\u00e7o para conviv\u00eancia. O evento deve receber caravanas e visitantes de cidades do Litoral Norte, Vale do Para\u00edba e munic\u00edpios vizinhos.<\/p>\n<p>A coordena\u00e7\u00e3o \u00e9 do Conselho de Ministros Evang\u00e9licos e Pastores de Caraguatatuba (Compac) com apoio do Governo Municipal, por meio da Secretaria de Turismo.<\/p>\n<p>&nbsp;<\/p>\n<p><strong>PROGRAMA\u00c7\u00c3O COMPLETA<\/strong><\/p>\n<p><strong>Quinta-feira \u2013 28\/8<\/strong><\/p>\n<p>19h \u2013 Abertura C\u00edvica com Banda Municipal Carlos Gomes e entrada das bandeiras com os Patrulheiros do\u00a0 Rei<\/p>\n<p>19h30 \u2013 Artistas Locais<\/p>\n<ul>\n<li>Grupo de Dan\u00e7a Face a Face com Deus (Igreja Paz &amp; Vida)<\/li>\n<li>Alicia Duarte<\/li>\n<li>Henrique Mansour &amp; Isabelle Santana<\/li>\n<li>Mano Azul<\/li>\n<li>Kelly Cristine<\/li>\n<li>Coral Adventista \u2013 Adoradores do Litoral<\/li>\n<li>Maria Gabriela<\/li>\n<\/ul>\n<p>21h30 \u2013 Ministra\u00e7\u00e3o da Palavra: Mission\u00e1ria Helenita<\/p>\n<p>22h \u2013 Show Principal: Samuel Messias<\/p>\n<p>23h30 \u2013 Encerramento<\/p>\n<p>&nbsp;<\/p>\n<p><strong>Sexta-feira \u2013 29\/8<\/strong><\/p>\n<p>19h \u2013 Abertura<\/p>\n<p>19h30 \u2013 Artistas Locais<\/p>\n<ul>\n<li>Grupo de Libras M\u00e3os que Louvam (Igreja Paz &amp; Vida)<\/li>\n<li>Fernanda Jesus Farias<\/li>\n<li>Andr\u00e9 Nascimento<\/li>\n<li>Francis Cardoso &amp; Juliana Cristine<\/li>\n<li>Nicolas Mendes<\/li>\n<li>Trio Ar Que Eu Respiro<\/li>\n<li>Miqu\u00e9ias Pereira<\/li>\n<\/ul>\n<p>21h30 \u2013 Ministra\u00e7\u00e3o da Palavra: Pr. F\u00e1bio Fraz\u00e3o<\/p>\n<p>22h \u2013 Show Principal: Jairo Bonfim<\/p>\n<p>23h30 \u2013 Encerramento<\/p>\n<p>&nbsp;<\/p>\n<p><strong>S\u00e1bado \u2013 30\/8<\/strong><\/p>\n<p>19h \u2013 Abertura<\/p>\n<p>19h30 \u2013 Artistas Locais<\/p>\n<ul>\n<li>Rachel Santos<\/li>\n<li>Teatro (Igreja Miss\u00e3o Apoio)<\/li>\n<li>Priscila Verneque<\/li>\n<li>Bruno Baeta<\/li>\n<li>Marcelly Spitti<\/li>\n<li>Andreza Cristina<\/li>\n<li>Aviva Coral<\/li>\n<\/ul>\n<p>21h30 \u2013 Ministra\u00e7\u00e3o da Palavra: (a confirmar)<\/p>\n<p>22h \u2013 Show Principal: Alisson Santos<\/p>\n<p>23h30 \u2013 Encerramento<\/p>\n<p>&nbsp;<\/p>\n<p><strong>Aviva Kids \u2013 S\u00e1bado (30\/8 \u00e0s 9h)<\/strong><\/p>\n<p>Manh\u00e3 dedicada \u00e0s crian\u00e7as, com m\u00fasica, teatro, dan\u00e7a e brincadeiras!<\/p>\n<ul>\n<li>Din\u00e2micas e louvores infantis<\/li>\n<li>Cantoras: Valentina, Pietra e Ana Klara<\/li>\n<li>Coral ADMS Kids<\/li>\n<li>Grupo de Dan\u00e7a DPAC Kids<\/li>\n<li>Teatro Guerreiros de Cristo<\/li>\n<li>Ministra\u00e7\u00e3o infantil<\/li>\n<\/ul>\n<p><strong>Pipoca e algod\u00e3o-doce gratuitos<\/strong><\/p>\n","protected":false},"excerpt":{"rendered":"<p>Caraguatatuba se prepara para mais uma edi\u00e7\u00e3o do Aviva Caragu\u00e1, um dos maiores eventos gospel da regi\u00e3o, que re\u00fane m\u00fasica, dan\u00e7a, teatro e momentos de f\u00e9 em tr\u00eas dias de programa\u00e7\u00e3o gratuita e aberta a toda a popula\u00e7\u00e3o. Realizado entre os dias 28 e 30 de agosto, a partir das 19h, na Pra\u00e7a de Eventos [&hellip;]<\/p>\n","protected":false},"author":26,"featured_media":37273,"comment_status":"open","ping_status":"open","sticky":false,"template":"","format":"standard","meta":{"footnotes":""},"categories":[8,30,12,2],"tags":[17,227,132],"class_list":["post-37272","post","type-post","status-publish","format-standard","has-post-thumbnail","hentry","category-caraguatatuba","category-cultura","category-eventos","category-geral","tag-caraguatatuba","tag-cultura","tag-eventos"],"aioseo_notices":[],"_links":{"self":[{"href":"https:\/\/lrm67.com\/index.php\/wp-json\/wp\/v2\/posts\/37272","targetHints":{"allow":["GET"]}}],"collection":[{"href":"https:\/\/lrm67.com\/index.php\/wp-json\/wp\/v2\/posts"}],"about":[{"href":"https:\/\/lrm67.com\/index.php\/wp-json\/wp\/v2\/types\/post"}],"author":[{"embeddable":true,"href":"https:\/\/lrm67.com\/index.php\/wp-json\/wp\/v2\/users\/26"}],"replies":[{"embeddable":true,"href":"https:\/\/lrm67.com\/index.php\/wp-json\/wp\/v2\/comments?post=37272"}],"version-history":[{"count":1,"href":"https:\/\/lrm67.com\/index.php\/wp-json\/wp\/v2\/posts\/37272\/revisions"}],"predecessor-version":[{"id":37274,"href":"https:\/\/lrm67.com\/index.php\/wp-json\/wp\/v2\/posts\/37272\/revisions\/37274"}],"wp:featuredmedia":[{"embeddable":true,"href":"https:\/\/lrm67.com\/index.php\/wp-json\/wp\/v2\/media\/37273"}],"wp:attachment":[{"href":"https:\/\/lrm67.com\/index.php\/wp-json\/wp\/v2\/media?parent=37272"}],"wp:term":[{"taxonomy":"category","embeddable":true,"href":"https:\/\/lrm67.com\/index.php\/wp-json\/wp\/v2\/categories?post=37272"},{"taxonomy":"post_tag","embeddable":true,"href":"https:\/\/lrm67.com\/index.php\/wp-json\/wp\/v2\/tags?post=37272"}],"curies":[{"name":"wp","href":"https:\/\/api.w.org\/{rel}","templated":true}]}}