{"id":37263,"date":"2025-08-28T11:31:11","date_gmt":"2025-08-28T14:31:11","guid":{"rendered":"https:\/\/lrm67.com\/?p=37263"},"modified":"2025-08-28T11:31:11","modified_gmt":"2025-08-28T14:31:11","slug":"cinema-e-cultura-ocupam-ilhabela-com-o-5o-citronela-doc","status":"publish","type":"post","link":"https:\/\/lrm67.com\/index.php\/2025\/08\/28\/cinema-e-cultura-ocupam-ilhabela-com-o-5o-citronela-doc\/","title":{"rendered":"Cinema e cultura ocupam Ilhabela com o 5\u00ba Citronela Doc"},"content":{"rendered":"<p>A programa\u00e7\u00e3o do 5\u00ba Citronela Doc \u2013 Festival de Document\u00e1rios de Ilhabela teve in\u00edcio nesta quarta-feira (27), no Hostel da Vila.<\/p>\n<p>O primeiro dia do evento, que vai at\u00e9 o dia 31 de agosto, teve a exibi\u00e7\u00e3o de dois filmes: o curta <strong>\u201cA Sua Imagem Na Minha Caixa de Correio\u201d<\/strong>, de Silvino Mendon\u00e7a, que explora a paix\u00e3o pelo cinema por meio de cartas trocadas entre leitores de uma revista; e o longa <strong>\u201cCriaturas da Mente\u201d<\/strong>, de Marcelo Gomes, que aborda os estudos de Sidarta Ribeiro sobre os mist\u00e9rios do sonhar.<\/p>\n<p>Ap\u00f3s as sess\u00f5es, \u00e0s 21h30, foi realizada a festa de abertura, com apresenta\u00e7\u00e3o do Sindicato do Jazz.<\/p>\n<p>A agenda do festival segue no Hostel da Vila at\u00e9 esta quinta-feira (28), com exibi\u00e7\u00e3o dos filmes \u201cMundurukuy\u00fc \u2013 A Floresta das Mulheres Peixe\u201d, de Aldira Akay, Beka Munduruku, Rilc\u00e9lia Akay; e \u201cAlma Negra, do Quilombo ao Baile\u201d, de Flavio Frederico.<\/p>\n<p>Entre sexta-feira (29) e domingo (31), as sess\u00f5es ser\u00e3o exibidas <strong>no Esporte Clube Ilhabela<\/strong>, localizado na Avenida For\u00e7a Expedicion\u00e1ria Brasileira, n\u00ba 75 \u2013 Vila.<\/p>\n<p>Ao longo dos cinco dias, o festival somar\u00e1 <strong>37 exibi\u00e7\u00f5es de longas e curtas<\/strong>, produzidos em nove estados brasileiros e oito cidades do Litoral Norte e Vale do Para\u00edba.<\/p>\n<p>A programa\u00e7\u00e3o conta com duas mostras principais, uma nacional e outra regional, al\u00e9m de debates e atividades art\u00edsticas como m\u00fasica e teatro.<\/p>\n<p>Nesta edi\u00e7\u00e3o, duas produ\u00e7\u00f5es usam tecnologias de realidade estendida (XR): \u201cHuman\u201d, de D\u00e9bora Berganini; e \u201cEsta\u00e7\u00e3o Imersiva Uxil\u2019nexa D\u2019manedwa Tor\u00e9 Virtual\u201d, de Hugo Fulni-\u00f4 e Carolina Berger.<\/p>\n<p>Outra novidade no 5\u00ba Citronela Doc \u00e9 a <strong>mostra exclusivamente online e gratuita<\/strong> de document\u00e1rios do Litoral Norte e Vale do Para\u00edba, que estar\u00e1 dispon\u00edvel na plataforma <strong>SPCine Play<\/strong>, de 1\u00ba a 10 de setembro.<\/p>\n<p>&nbsp;<\/p>\n<p><strong>Sobre o Citronela Doc <\/strong><\/p>\n<p>O Festival de Document\u00e1rios de Ilhabela \u00e9 realizado por meio da Pol\u00edtica Nacional Aldir Blanc (Pnab), do Minist\u00e9rio da Cultura, e do Programa de A\u00e7\u00e3o Cultural (ProAc) do Governo do Estado de S\u00e3o Paulo, com produ\u00e7\u00e3o da Associa\u00e7\u00e3o Cultural Citronela e co-produ\u00e7\u00e3o de Ver Para Crer, BR8 Cultural e Salga Filmes.<\/p>\n<p>Criado em 2021, o Citronela Doc ocorre anualmente com a exibi\u00e7\u00e3o gratuita de document\u00e1rios, a partir de uma sele\u00e7\u00e3o de produ\u00e7\u00f5es brasileiras contempor\u00e2neas com foco na diversidade de perspectivas, temas e pontos de vista.<\/p>\n<p>&nbsp;<\/p>\n<p><strong>PROGRAMA\u00c7\u00c3O COMPLETA<\/strong><\/p>\n<p><strong>5\u00ba Citronela Doc \u2013 27 a 31 de agosto<\/strong><\/p>\n<p><strong>27\/08 (quarta-feira) | Hostel da Vila<\/strong><\/p>\n<p><strong>19h30 \u2013 A Sua Imagem Na Minha Caixa de Correio<\/strong> | 17\u2019 | Classifica\u00e7\u00e3o: 10 anos | Legenda descritiva | Silvino Mendon\u00e7a | DF<\/p>\n<p><strong>20h \u2013 Criaturas da Mente<\/strong> | 84\u2019 | Classifica\u00e7\u00e3o: 12 anos | Marcelo Gomes | RJ<\/p>\n<p><strong>21h30 \u2013 Festa de abertura<\/strong> | Sindicato do Jazz<\/p>\n<p>&nbsp;<\/p>\n<p><strong>28\/08 (quinta-feira) | Hostel da Vila<\/strong><\/p>\n<p><strong>19h \u2013 Mundurukuy\u00fc \u2013 A Floresta das Mulheres-Peixe<\/strong> | 75\u2019 | Classifica\u00e7\u00e3o: Livre | Legenda descritiva e Tradu\u00e7\u00e3o em Libras | Aldira Akay, Beka Munduruku, Rilc\u00e9lia Akay | PA, RJ<\/p>\n<p><strong>20h30 \u2013 Alma Negra, do Quilombo ao Baile<\/strong> | 85\u2019 | Classifica\u00e7\u00e3o: 16 anos | Flavio Federico | SP<\/p>\n<p><strong>22h30 \u2013 M\u00fasica <\/strong>| DJ Carla Behara<\/p>\n<p>&nbsp;<\/p>\n<p><strong>29\/08 (sexta-feira) | Esporte Clube Ilhabela<\/strong><\/p>\n<p><strong>14h30 \u2013 Mostra Litoral Norte e Vale do Para\u00edba<\/strong><\/p>\n<p><strong>Entre Linhas e Lutas<\/strong> | 4\u2019 | Bruna Souza, Jacare\u00ed | Classifica\u00e7\u00e3o: Livre | Legenda descritiva<\/p>\n<p><strong>S\u00e3o Pedro Pescador<\/strong> | 14\u2019 | J. Valpereiro, S\u00e3o Sebasti\u00e3o | Classifica\u00e7\u00e3o: Livre Legenda Descritiva<\/p>\n<p><strong>Djaex\u00e1a Por\u00e3 \u2013 Um olhar para o futuro<\/strong> | 14\u2019 | Adolfo Wera Mirim e Edward Davies, S\u00e3o Sebasti\u00e3o | Classifica\u00e7\u00e3o: Livre | Legenda descritiva e Tradu\u00e7\u00e3o em Libras<\/p>\n<p><strong>Dona Lourdes<\/strong> | 15\u2019 | Maria Sol, Ubatuba | Classifica\u00e7\u00e3o: Livre | Legenda descritiva e Tradu\u00e7\u00e3o em Libras<\/p>\n<p><strong>15h30 \u2013 Debate <\/strong>| Mem\u00f3ria, identidade e territ\u00f3rio: o audiovisual como ferramenta<\/p>\n<p><strong>17h \u00e0s 21h \u2013 Mostra XR | Human<\/strong> | 15\u2019 | D\u00e9bora Bergamini, SP | Classifica\u00e7\u00e3o: 12 anos | Legenda descritiva e Tradu\u00e7\u00e3o em Libras<\/p>\n<p><strong>17h30 \u2013 Topo<\/strong> | 83\u2019 | Eugenio Puppo, SP | Classifica\u00e7\u00e3o: Livre | Legenda descritiva e Tradu\u00e7\u00e3o em Libras<\/p>\n<p><strong>\u00a0<\/strong><\/p>\n<p><strong>19h15 \u2013 Sess\u00e3o Escola Livre de Cinema Cai\u00e7ara<\/strong><\/p>\n<p><strong>D\u00easGRA\u00c7As<\/strong> | 3\u2019 | Goraco, S\u00e3o Sebasti\u00e3o | Classifica\u00e7\u00e3o: Livre<\/p>\n<p><strong>O Som da Mar\u00e9<\/strong> | 25\u2019 | Escola Livre de Cinema Cai\u00e7ara | S\u00e3o Sebasti\u00e3o, Ilhabela e Caraguatatuba | Classifica\u00e7\u00e3o: 12 anos | Legenda descritiva e Tradu\u00e7\u00e3o em Libras<\/p>\n<p><strong>20h \u2013 Cerim\u00f4nia de abertura<\/strong> | Pocket Show Brenalta + DJ Pipoo<\/p>\n<p>&nbsp;<\/p>\n<p><strong>21h \u2013 Mostra Litoral Norte e Vale do Para\u00edba<\/strong><\/p>\n<p><strong>Mini Doc EP S\u00f3is \u2013 Brenalta<\/strong> | 13\u2019 | Rafael C\u00e9sar, S\u00e3o Sebasti\u00e3o | Classifica\u00e7\u00e3o: 12 anos | Legenda descritiva e Tradu\u00e7\u00e3o em Libras<\/p>\n<p><strong>Dan\u00e7a de S\u00e3o Gon\u00e7alo \u2013 Tradi\u00e7\u00e3o e F\u00e9 Cai\u00e7ara<\/strong> | 17\u2019 | Felipe Scapino, Ubatuba | Classifica\u00e7\u00e3o: Livre | Legenda descritiva<\/p>\n<p><strong>Muito Al\u00e9m do Balc\u00e3o<\/strong> | 15\u2019 | J\u00fanior Guimar\u00e3es e Diego Menezes, S\u00e3o Sebasti\u00e3o | Classifica\u00e7\u00e3o: 14 anos<\/p>\n<p><strong>Fernando Bispo, uma vida na arte educa\u00e7\u00e3o<\/strong> | 27\u2019 | Ra\u00edssa Fernanda, Taubat\u00e9 | Classifica\u00e7\u00e3o: Livre | Legenda descritiva e Tradu\u00e7\u00e3o em Libras<\/p>\n<p><strong>\u00a0<\/strong><\/p>\n<p><strong>22h30 \u2013 M\u00fasica<\/strong> | DJ Nasta | Hostel da Vila<\/p>\n<p>&nbsp;<\/p>\n<p><strong>30\/08 (s\u00e1bado) | Esporte Clube Ilhabela<\/strong><\/p>\n<p><strong>10h30 \u2013 Encontro |<\/strong> O mercado audiovisual no Litoral Norte e Vale do Para\u00edba<\/p>\n<p><strong>\u00a0<\/strong><\/p>\n<p><strong>14h30 \u2013 Sess\u00e3o de curtas<\/strong><\/p>\n<p><strong>A nave que nunca pousa<\/strong> | 15\u2019 | Ellen Morais, PB | Classifica\u00e7\u00e3o: 12 anos | Legenda descritiva e Tradu\u00e7\u00e3o em Libras<\/p>\n<p><strong>Domingo no Golpe<\/strong> | 23\u2019 | Giselle Beiguelman e Lucas Bambozzi, SP | Classifica\u00e7\u00e3o: Livre | Legenda descritiva<\/p>\n<p><strong>Sukande Kasak\u00e1 \u2013 Terra Doente<\/strong> | 30\u2019 | Kamikia Kisedje e Fred Rahal, SE | Classifica\u00e7\u00e3o: Livre<\/p>\n<p><strong>16h \u2013 Maestra<\/strong> | 60\u2019 | Bruna Piantino, MG | Classifica\u00e7\u00e3o indicativa: 10 anos<\/p>\n<p><strong>17h \u2013 Debate<\/strong> | A cultura queer: pot\u00eancia, resist\u00eancia e revolu\u00e7\u00e3o<\/p>\n<p>&nbsp;<\/p>\n<p><strong>17h \u00e0s 21h \u2013 Mostra XR<\/strong><\/p>\n<p><strong>Human<\/strong> | 15\u2019 | D\u00e9bora Bergamini, SP | Classifica\u00e7\u00e3o: 12 anos | Legenda descritiva e Tradu\u00e7\u00e3o em Libras<\/p>\n<p>&nbsp;<\/p>\n<p><strong>18h15 \u2013 Teatro<\/strong> | Teatro da Barra | Classifica\u00e7\u00e3o: Livre<\/p>\n<p><strong>19h \u2013 Mambembe<\/strong> | 97\u2019 | Classifica\u00e7\u00e3o: Livre | F\u00e1bio Meira, RJ\/PA<\/p>\n<p><strong>21h \u2013 Sal\u00e3o de Baile<\/strong> | 94\u2019 | Classifica\u00e7\u00e3o: 14 anos | Juru e Vit\u00e3, RJ\/SP<\/p>\n<p><strong>22h40 \u2013 Performance<\/strong> | Coletivo Ballroom Litoral Norte<\/p>\n<p><strong>23h \u2013 M\u00fasica<\/strong> | DJ Kost<\/p>\n<p>&nbsp;<\/p>\n<p><strong>31\/08 (domingo) | Esporte Clube Ilhabela <\/strong><\/p>\n<p><strong>14h30 \u2013 Sess\u00e3o de curtas<\/strong><\/p>\n<p><strong>Sobre Plantas, M\u00e3os e F\u00e9<\/strong> | 16\u2019 | Danielle Azevedo e Gabriela Alc\u00e2ntara, DF | Classifica\u00e7\u00e3o: Livre<\/p>\n<p><strong>Donas da Terra<\/strong> | 20\u2019 | Ana Marinho, SE | Classifica\u00e7\u00e3o: Livre<\/p>\n<p><strong>Talvez Meu Pai Seja Negro<\/strong> | 24\u2019 | Fl\u00e1via Santana, BA | Classifica\u00e7\u00e3o: Livre<\/p>\n<p><strong>Na Volta eu Te Encontro<\/strong> | 13\u2019 | Ur\u00e2nia Munzanzu, BA | Classifica\u00e7\u00e3o: Livre<\/p>\n<p>&nbsp;<\/p>\n<p><strong>16h15 \u2013 Tijolo Por Tijolo<\/strong> | 103\u2019 | Vict\u00f3ria \u00c1lvares e Quentin Delaroche, PE | Classifica\u00e7\u00e3o: Livre | Legenda descritiva e Tradu\u00e7\u00e3o em Libras<\/p>\n<p><strong>17h \u00e0s 21h \u2013 Mostra XR<\/strong> | Tor\u00e9 Virtual | 9\u2019 | Hulgo Funi-\u00f4 e Carolina Berger, PE | Classifica\u00e7\u00e3o: Livre<\/p>\n<p><strong>18h15 \u2013 Debate<\/strong> | Direito \u00e0 cidade: classe social e moradia em Ilhabela<\/p>\n<p><strong>19h30 \u2013 Cerim\u00f4nia de encerramento<\/strong> | Preta Poesia + TGO<\/p>\n<p><strong>20h \u2013 Sess\u00e3o de encerramento | Ritas<\/strong> | 83\u2019 | Oswaldo Santana, SP<\/p>\n","protected":false},"excerpt":{"rendered":"<p>A programa\u00e7\u00e3o do 5\u00ba Citronela Doc \u2013 Festival de Document\u00e1rios de Ilhabela teve in\u00edcio nesta quarta-feira (27), no Hostel da Vila. O primeiro dia do evento, que vai at\u00e9 o dia 31 de agosto, teve a exibi\u00e7\u00e3o de dois filmes: o curta \u201cA Sua Imagem Na Minha Caixa de Correio\u201d, de Silvino Mendon\u00e7a, que explora [&hellip;]<\/p>\n","protected":false},"author":26,"featured_media":37264,"comment_status":"open","ping_status":"open","sticky":false,"template":"","format":"standard","meta":{"footnotes":""},"categories":[30,12,2,3],"tags":[227,132,33],"class_list":["post-37263","post","type-post","status-publish","format-standard","has-post-thumbnail","hentry","category-cultura","category-eventos","category-geral","category-ilhabela","tag-cultura","tag-eventos","tag-ilhabela"],"aioseo_notices":[],"_links":{"self":[{"href":"https:\/\/lrm67.com\/index.php\/wp-json\/wp\/v2\/posts\/37263","targetHints":{"allow":["GET"]}}],"collection":[{"href":"https:\/\/lrm67.com\/index.php\/wp-json\/wp\/v2\/posts"}],"about":[{"href":"https:\/\/lrm67.com\/index.php\/wp-json\/wp\/v2\/types\/post"}],"author":[{"embeddable":true,"href":"https:\/\/lrm67.com\/index.php\/wp-json\/wp\/v2\/users\/26"}],"replies":[{"embeddable":true,"href":"https:\/\/lrm67.com\/index.php\/wp-json\/wp\/v2\/comments?post=37263"}],"version-history":[{"count":1,"href":"https:\/\/lrm67.com\/index.php\/wp-json\/wp\/v2\/posts\/37263\/revisions"}],"predecessor-version":[{"id":37265,"href":"https:\/\/lrm67.com\/index.php\/wp-json\/wp\/v2\/posts\/37263\/revisions\/37265"}],"wp:featuredmedia":[{"embeddable":true,"href":"https:\/\/lrm67.com\/index.php\/wp-json\/wp\/v2\/media\/37264"}],"wp:attachment":[{"href":"https:\/\/lrm67.com\/index.php\/wp-json\/wp\/v2\/media?parent=37263"}],"wp:term":[{"taxonomy":"category","embeddable":true,"href":"https:\/\/lrm67.com\/index.php\/wp-json\/wp\/v2\/categories?post=37263"},{"taxonomy":"post_tag","embeddable":true,"href":"https:\/\/lrm67.com\/index.php\/wp-json\/wp\/v2\/tags?post=37263"}],"curies":[{"name":"wp","href":"https:\/\/api.w.org\/{rel}","templated":true}]}}