{"id":37260,"date":"2025-08-28T10:10:40","date_gmt":"2025-08-28T13:10:40","guid":{"rendered":"https:\/\/lrm67.com\/?p=37260"},"modified":"2025-08-28T10:10:40","modified_gmt":"2025-08-28T13:10:40","slug":"prefeitura-de-sao-sebastiao-e-ciee-abrem-processo-seletivo-para-estagiarios-de-16-cursos-universitarios","status":"publish","type":"post","link":"https:\/\/lrm67.com\/index.php\/2025\/08\/28\/prefeitura-de-sao-sebastiao-e-ciee-abrem-processo-seletivo-para-estagiarios-de-16-cursos-universitarios\/","title":{"rendered":"Prefeitura de S\u00e3o Sebasti\u00e3o e CIEE abrem processo seletivo para estagi\u00e1rios de 16 cursos universit\u00e1rios"},"content":{"rendered":"<p>A Prefeitura de S\u00e3o Sebasti\u00e3o e o Centro de Integra\u00e7\u00e3o Empresa Escola (CIEE) est\u00e3o com processo seletivo aberto para a forma\u00e7\u00e3o de cadastro reserva para est\u00e1gio. As vagas s\u00e3o para 16 cursos universit\u00e1rios. Os interessados devem se inscrever at\u00e9 o dia 11 de setembro deste ano. O edital completo pode ser acessado no link: <a href=\"https:\/\/www.saosebastiao.sp.gov.br\/sistemas\/procseletivo\/\">https:\/\/www.saosebastiao.sp.gov.br\/sistemas\/procseletivo\/<\/a> ou\u00a0 <a href=\"https:\/\/www.saosebastiao.sp.gov.br\/sistemas\/procseletivo\/arquivos\/1.2025.2_2682025101745.pdf\">https:\/\/www.saosebastiao.sp.gov.br\/sistemas\/procseletivo\/arquivos\/1.2025.2_2682025101745.pdf<\/a>.<\/p>\n<p>\u00c9 necess\u00e1rio estar cursando Administra\u00e7\u00e3o, An\u00e1lise e Desenvolvimento de Sistema, Arquitetura e Urbanismo, Ci\u00eancias Cont\u00e1beis, Direito, Educa\u00e7\u00e3o F\u00edsica, Engenharia Ambiental, Engenharia Civil, Gest\u00e3o de Tecnologia da Informa\u00e7\u00e3o, Gest\u00e3o Empresarial, Gest\u00e3o P\u00fablica, Jornalismo, Log\u00edstica, Pedagogia, Processos Gerenciais e Propaganda e Marketing.<\/p>\n<p>A carga hor\u00e1rio \u00e9 de seis horas por dia, totalizando 30 horas semanais e bolsa-aux\u00edlio de R$ 1.848,00. Lembrando que 10% das vagas oferecidas s\u00e3o destinadas a pessoa com defici\u00eancia.<\/p>\n<p>Importante destacar que a inscri\u00e7\u00e3o para o processo seletivo \u00e9 on-line e a prova devem ser feitas somente via internet, pelo site: <a href=\"https:\/\/pp.ciee.org.br\/vitrine\/processos-seletivos\/publico\">https:\/\/pp.ciee.org.br\/vitrine\/processos-seletivos\/publico<\/a> no per\u00edodo estabelecido. Este site tamb\u00e9m deve ser utilizado para o acompanhamento de todos os atos, assim como no site da prefeitura: <a href=\"http:\/\/www.saosebastiao.sp.gov.br\">www.saosebastiao.sp.gov.br<\/a>.<\/p>\n<p>A prova ser\u00e1 composta de 10 quest\u00f5es de m\u00faltiplas escolhas com quatro alternativas cada uma, sendo cinco de Portugu\u00eas e cinco de Conhecimentos Gerais. O candidato ter\u00e1 dois minutos para responder cada quest\u00e3o e ap\u00f3s esse per\u00edodo, o sistema gravar\u00e1 a resposta em branco. Ser\u00e1 classificado apenas o estudante que tiver nota superior a 30% dos total da prova.<\/p>\n<p>Conforme o edital, o candidato ser\u00e1 mediante publica\u00e7\u00e3o no site da Prefeitura Municipal de S\u00e3o Sebasti\u00e3o. Por isso, \u00e9 expressa responsabilidade do candidato acompanhar as convoca\u00e7\u00f5es. Ele ter\u00e1 cinco dias \u00fateis para comparecer ao Departamento de Gest\u00e3o de Pessoas para entregar a documenta\u00e7\u00e3o necess\u00e1ria para Celebra\u00e7\u00e3o do Acordo de Coopera\u00e7\u00e3o e Termo de Compromisso de Est\u00e1gio.<\/p>\n<p>Em caso de d\u00favidas ou dificuldades durante o per\u00edodo de inscri\u00e7\u00f5es, o interessado deve enviar e-mail para eucandidatosp@ciee.ong.br, onde deve constar: nome do Processo Seletivo P\u00fablico, nome completo do candidato e o n\u00famero do CPF, relato do erro que est\u00e1 ocorrendo e o envio da imagem\/print da tela\/erro apresentado. O atendimento deste canal ocorrer\u00e1 em dias \u00fateis das 8h \u00e0s 17h, lembrando que o candidato com dificuldade dever\u00e1 encaminhar e-mail relatando a dificuldade at\u00e9 \u00e0s 12h do dia \u00fatil anterior ao t\u00e9rmino das inscri\u00e7\u00f5es, em 11 de setembro.<\/p>\n<p>A partir do dia 12 de setembro ser\u00e1 disponibilizado o gabarito provis\u00f3rio da prova; recurso deve ser interposto at\u00e9 o dia 13 e a classifica\u00e7\u00e3o provis\u00f3ria com gabarito definitivo e resposta dos recuso saem em 30 de setembro. A publica\u00e7\u00e3o com a classifica\u00e7\u00e3o definitiva sai no dia 7 de outubro de 2025.<\/p>\n","protected":false},"excerpt":{"rendered":"<p>A Prefeitura de S\u00e3o Sebasti\u00e3o e o Centro de Integra\u00e7\u00e3o Empresa Escola (CIEE) est\u00e3o com processo seletivo aberto para a forma\u00e7\u00e3o de cadastro reserva para est\u00e1gio. As vagas s\u00e3o para 16 cursos universit\u00e1rios. Os interessados devem se inscrever at\u00e9 o dia 11 de setembro deste ano. O edital completo pode ser acessado no link: https:\/\/www.saosebastiao.sp.gov.br\/sistemas\/procseletivo\/ [&hellip;]<\/p>\n","protected":false},"author":26,"featured_media":37261,"comment_status":"open","ping_status":"open","sticky":false,"template":"","format":"standard","meta":{"footnotes":""},"categories":[19,16,13],"tags":[110,114,236,22],"class_list":["post-37260","post","type-post","status-publish","format-standard","has-post-thumbnail","hentry","category-educacao","category-politica","category-sao-sebastiao","tag-educacao","tag-politica","tag-prefeitura-de-sao-sebastiao","tag-sao-sebastiao"],"aioseo_notices":[],"_links":{"self":[{"href":"https:\/\/lrm67.com\/index.php\/wp-json\/wp\/v2\/posts\/37260","targetHints":{"allow":["GET"]}}],"collection":[{"href":"https:\/\/lrm67.com\/index.php\/wp-json\/wp\/v2\/posts"}],"about":[{"href":"https:\/\/lrm67.com\/index.php\/wp-json\/wp\/v2\/types\/post"}],"author":[{"embeddable":true,"href":"https:\/\/lrm67.com\/index.php\/wp-json\/wp\/v2\/users\/26"}],"replies":[{"embeddable":true,"href":"https:\/\/lrm67.com\/index.php\/wp-json\/wp\/v2\/comments?post=37260"}],"version-history":[{"count":1,"href":"https:\/\/lrm67.com\/index.php\/wp-json\/wp\/v2\/posts\/37260\/revisions"}],"predecessor-version":[{"id":37262,"href":"https:\/\/lrm67.com\/index.php\/wp-json\/wp\/v2\/posts\/37260\/revisions\/37262"}],"wp:featuredmedia":[{"embeddable":true,"href":"https:\/\/lrm67.com\/index.php\/wp-json\/wp\/v2\/media\/37261"}],"wp:attachment":[{"href":"https:\/\/lrm67.com\/index.php\/wp-json\/wp\/v2\/media?parent=37260"}],"wp:term":[{"taxonomy":"category","embeddable":true,"href":"https:\/\/lrm67.com\/index.php\/wp-json\/wp\/v2\/categories?post=37260"},{"taxonomy":"post_tag","embeddable":true,"href":"https:\/\/lrm67.com\/index.php\/wp-json\/wp\/v2\/tags?post=37260"}],"curies":[{"name":"wp","href":"https:\/\/api.w.org\/{rel}","templated":true}]}}